{"id":103058,"date":"2023-04-17T10:36:44","date_gmt":"2023-04-17T09:36:44","guid":{"rendered":"https:\/\/www.beitalhikma.tn\/?p=103058"},"modified":"2023-05-02T10:45:23","modified_gmt":"2023-05-02T09:45:23","slug":"commemoration-du-40-eme-jour-du-regrette-bechir-ben-slama-25-avril-2023","status":"publish","type":"post","link":"https:\/\/www.beitalhikma.tn\/fr\/commemoration-du-40-eme-jour-du-regrette-bechir-ben-slama-25-avril-2023\/","title":{"rendered":"Comm\u00e9moration du 40 \u00e8me jour du regrett\u00e9 B\u00e9chir Ben Slama 25 avril 2023"},"content":{"rendered":"\n<p class=\"has-medium-font-size\">L\u2019Acad\u00e9mie tunisienne des sciences, des lettres et des arts, \u00ab Beit al-Hikma \u00bb a organis\u00e9, le mardi 25 avril 2023, la comm\u00e9moration du 40\u00e8me jour de l\u2019acad\u00e9micien B\u00e9chir Ben Slama.<br>Ecrivain et homme politique, B\u00e9chir Ben Slama compte parmi ses r\u00e9alisations la cr\u00e9ation de plusieurs institutions culturelles, notamment la Fondation acad\u00e9mique de la traduction en 1983 (Beit El Hikma), devenue Acad\u00e9mie des Lettres et des Arts au d\u00e9but des ann\u00e9es 1990, le Th\u00e9\u00e2tre national tunisien, la Foire Internationale du Livre, ainsi que la r\u00e9alisation de la premi\u00e8re partie de la Biblioth\u00e8que Nationale.<br>Plusieurs grandes figures de la sc\u00e8ne politique et culturelle, dont MM. Mohamed Ennaceur, Mahmoud Ben Romdhan, Taoufik Ben Ameur, Ezzeddine Madani et Mmes Raja Yassine Bahri et Souad Chouk, ont mis l\u2019accent, au cours de leurs t\u00e9moignages, sur la dimension r\u00e9formiste de feu B\u00e9chir Ben Slama dans son projet culturel, notamment quand il \u00e9tait \u00e0 la t\u00eate du minist\u00e8re des Affaires culturelles (1981 \u2013 1986). En somme, le fait culturel ne se r\u00e9sumait pas, pour le disparu, \u00e0 seul un int\u00e9r\u00eat individuel, mais s\u2019\u00e9tendait, plut\u00f4t, \u00e0 un but ultime qu\u2019il fallait incarner de par son action et ses \u00e9crits, car c&#8217;est un message national et universel qui ne doit pas succomber aux contraintes, ni craindre la v\u00e9locit\u00e9 des contextes.<br>La journ\u00e9e de comm\u00e9moration s\u2019est tenue au Palais de l\u2019Acad\u00e9mie, sis \u00e0 Carthage-Hannibal.<\/p>\n\n\n\n<p class=\"has-text-align-center has-background has-medium-font-size\" style=\"background-color:#f6e7bc\">Revue de presse<\/p>\n\n\n\n<p class=\"has-text-align-center has-medium-font-size\"><a href=\"https:\/\/kapitalis.com\/anbaa-tounes\/2023\/04\/27\/%d8%a7%d9%84%d9%85%d8%ac%d9%85%d8%b9-%d8%a7%d9%84%d8%aa%d9%88%d9%86%d8%b3%d9%8a-%d8%a8%d9%8a%d8%aa-%d8%a7%d9%84%d8%ad%d9%83%d9%85%d8%a9-%d9%8a%d9%88%d9%85-%d8%aa%d9%83%d8%b1%d9%8a%d9%85%d9%8a-%d9%84\/\" target=\"_blank\" rel=\"noreferrer noopener\">\u0643\u0627\u0628\u064a\u062a\u0627\u0644\u064a\u0633 27-04-2023<\/a><\/p>\n\n\n\n<p class=\"has-text-align-center has-medium-font-size\"><a href=\"https:\/\/ar.universnews.tn\/%d8%a8%d9%8a%d8%aa-%d8%a7%d9%84%d8%ad%d9%83%d9%85%d8%a9-%d8%aa%d8%ad%d8%aa%d9%81%d9%8a-%d8%a8%d9%85%d8%a4%d8%b3%d8%b3%d9%87%d8%a7-%d8%a7%d9%84%d8%a8%d8%b4%d9%8a%d8%b1-%d8%a8%d9%86-%d8%b3%d9%84%d8%a7\/?fbclid=IwAR2uIRO_gt1Vm1OV-2OoYGk8ejSOba8kSChhrVmqu_-gZI6ljMruheTJnns\" target=\"_blank\" rel=\"noreferrer noopener\">Universnews 27-04-2023<\/a><\/p>\n\n\n\n<p class=\"has-text-align-center has-medium-font-size\">\u0627\u0644\u0634\u0639\u0628 \u0639\u062f\u062f 1744 27-04-2023<\/p>\n\n\n<div class=\"wp-block-image\">\n<figure class=\"aligncenter size-large\"><img loading=\"lazy\" decoding=\"async\" width=\"644\" height=\"1024\" src=\"https:\/\/www.beitalhikma.tn\/wp-content\/uploads\/2023\/04\/\u0627\u0644\u0634\u0639\u0628-\u0639\u062f\u062f-1744-27-04-2023-644x1024.jpg\" alt=\"\" class=\"wp-image-103196\" srcset=\"https:\/\/www.beitalhikma.tn\/wp-content\/uploads\/2023\/04\/\u0627\u0644\u0634\u0639\u0628-\u0639\u062f\u062f-1744-27-04-2023-644x1024.jpg 644w, https:\/\/www.beitalhikma.tn\/wp-content\/uploads\/2023\/04\/\u0627\u0644\u0634\u0639\u0628-\u0639\u062f\u062f-1744-27-04-2023-189x300.jpg 189w, https:\/\/www.beitalhikma.tn\/wp-content\/uploads\/2023\/04\/\u0627\u0644\u0634\u0639\u0628-\u0639\u062f\u062f-1744-27-04-2023-92x146.jpg 92w, https:\/\/www.beitalhikma.tn\/wp-content\/uploads\/2023\/04\/\u0627\u0644\u0634\u0639\u0628-\u0639\u062f\u062f-1744-27-04-2023-31x50.jpg 31w, https:\/\/www.beitalhikma.tn\/wp-content\/uploads\/2023\/04\/\u0627\u0644\u0634\u0639\u0628-\u0639\u062f\u062f-1744-27-04-2023-50x80.jpg 50w, https:\/\/www.beitalhikma.tn\/wp-content\/uploads\/2023\/04\/\u0627\u0644\u0634\u0639\u0628-\u0639\u062f\u062f-1744-27-04-2023-250x397.jpg 250w, https:\/\/www.beitalhikma.tn\/wp-content\/uploads\/2023\/04\/\u0627\u0644\u0634\u0639\u0628-\u0639\u062f\u062f-1744-27-04-2023.jpg 748w\" sizes=\"auto, (max-width: 644px) 100vw, 644px\" \/><\/figure><\/div>\n\n\n<p class=\"has-text-align-center has-medium-font-size\"><a href=\"https:\/\/www.jomhouria.com\/art148921_%d8%b3%d9%84%d8%b3%d9%84%d8%a9%20%d9%85%d9%86%20%d8%a7%d9%84%d8%a3%d9%86%d8%b4%d8%b7%d8%a9%20%d8%a7%d9%84%d8%b9%d9%84%d9%85%d9%8a%d9%91%d8%a9%20%d9%88%d8%a7%d9%84%d9%81%d9%83%d8%b1%d9%8a%d9%91%d8%a9%20%d8%a7%d9%84%d9%85%d8%ae%d8%aa%d9%84%d9%81%d8%a9%20%d9%81%d9%8a%20%d8%a7%d9%84%d9%85%d8%ac%d9%85%d8%b9%20%d8%a7%d9%84%d8%aa%d9%88%d9%86%d8%b3%d9%8a%20%d8%a8%d9%8a%d8%aa%20%d8%a7%d9%84%d8%ad%d9%83%d9%85%d8%a9\" target=\"_blank\" rel=\"noreferrer noopener\">jomhouria.com 24-04-2023<\/a><\/p>\n\n\n\n<p class=\"has-text-align-center has-medium-font-size\"><a href=\"https:\/\/www.realites.com.tn\/fr\/article\/95909\/beit-al-hikma-une-semaine-d-activites-intenses?fbclid=IwAR1MarUiJK5IYqV-VngoSsRilTO4vk9MMFp0-lz7zvUnKChucr4Wn8672Ow\" target=\"_blank\" rel=\"noreferrer noopener\">R\u00e9alit\u00e9s 23-04-2023<\/a><\/p>\n\n\n\n<p class=\"has-text-align-center has-background has-medium-font-size\" style=\"background-color:#f2eee3\"><a href=\"https:\/\/www.facebook.com\/BeitalhikmaTunisie\/posts\/628413905992247\" target=\"_blank\" rel=\"noreferrer noopener\">Phototh\u00e8que<\/a><\/p>\n\n\n\n<p class=\"has-text-align-center has-background has-medium-font-size\" style=\"background-color:#f2eee3\"><a href=\"https:\/\/www.youtube.com\/channel\/UCl8EfDXqt5MFfcEY0UYhevg\/videos\" target=\"_blank\" rel=\"noreferrer noopener\">Le lien vers l&#8217;activit\u00e9<\/a><\/p>\n\n\n<div class=\"wp-block-image\">\n<figure class=\"aligncenter size-large\"><img loading=\"lazy\" decoding=\"async\" width=\"724\" height=\"1024\" src=\"https:\/\/www.beitalhikma.tn\/wp-content\/uploads\/2023\/04\/Affiche-724x1024.jpg\" alt=\"\" class=\"wp-image-103050\" srcset=\"https:\/\/www.beitalhikma.tn\/wp-content\/uploads\/2023\/04\/Affiche-724x1024.jpg 724w, https:\/\/www.beitalhikma.tn\/wp-content\/uploads\/2023\/04\/Affiche-212x300.jpg 212w, https:\/\/www.beitalhikma.tn\/wp-content\/uploads\/2023\/04\/Affiche-768x1086.jpg 768w, https:\/\/www.beitalhikma.tn\/wp-content\/uploads\/2023\/04\/Affiche-1086x1536.jpg 1086w, https:\/\/www.beitalhikma.tn\/wp-content\/uploads\/2023\/04\/Affiche-1448x2048.jpg 1448w, https:\/\/www.beitalhikma.tn\/wp-content\/uploads\/2023\/04\/Affiche-103x146.jpg 103w, https:\/\/www.beitalhikma.tn\/wp-content\/uploads\/2023\/04\/Affiche-35x50.jpg 35w, https:\/\/www.beitalhikma.tn\/wp-content\/uploads\/2023\/04\/Affiche-57x80.jpg 57w, https:\/\/www.beitalhikma.tn\/wp-content\/uploads\/2023\/04\/Affiche-250x354.jpg 250w, https:\/\/www.beitalhikma.tn\/wp-content\/uploads\/2023\/04\/Affiche.jpg 1754w\" sizes=\"auto, (max-width: 724px) 100vw, 724px\" \/><\/figure><\/div>\n\n<div class=\"wp-block-image\">\n<figure class=\"aligncenter size-large\"><img loading=\"lazy\" decoding=\"async\" width=\"1024\" height=\"488\" src=\"https:\/\/www.beitalhikma.tn\/wp-content\/uploads\/2023\/04\/Invitation-francais-1024x488.jpg\" alt=\"\" class=\"wp-image-103059\" srcset=\"https:\/\/www.beitalhikma.tn\/wp-content\/uploads\/2023\/04\/Invitation-francais-1024x488.jpg 1024w, https:\/\/www.beitalhikma.tn\/wp-content\/uploads\/2023\/04\/Invitation-francais-300x143.jpg 300w, https:\/\/www.beitalhikma.tn\/wp-content\/uploads\/2023\/04\/Invitation-francais-768x366.jpg 768w, https:\/\/www.beitalhikma.tn\/wp-content\/uploads\/2023\/04\/Invitation-francais-260x124.jpg 260w, https:\/\/www.beitalhikma.tn\/wp-content\/uploads\/2023\/04\/Invitation-francais-50x24.jpg 50w, https:\/\/www.beitalhikma.tn\/wp-content\/uploads\/2023\/04\/Invitation-francais-155x74.jpg 155w, https:\/\/www.beitalhikma.tn\/wp-content\/uploads\/2023\/04\/Invitation-francais-250x119.jpg 250w, https:\/\/www.beitalhikma.tn\/wp-content\/uploads\/2023\/04\/Invitation-francais.jpg 1241w\" sizes=\"auto, (max-width: 1024px) 100vw, 1024px\" \/><\/figure><\/div>","protected":false},"excerpt":{"rendered":"<p>L\u2019Acad\u00e9mie tunisienne des sciences, des lettres et des arts, \u00ab Beit al-Hikma \u00bb a organis\u00e9, le mardi 25 avril 2023, la comm\u00e9moration du 40\u00e8me jour de [&hellip;]<\/p>\n","protected":false},"author":1,"featured_media":103056,"comment_status":"open","ping_status":"open","sticky":false,"template":"","format":"standard","meta":{"_uag_custom_page_level_css":"","footnotes":""},"categories":[3],"tags":[],"class_list":["post-103058","post","type-post","status-publish","format-standard","has-post-thumbnail","hentry","category-news-fr-fr"],"featured_image_src":"https:\/\/www.beitalhikma.tn\/wp-content\/uploads\/2023\/04\/Capture-1.png","author_info":{"display_name":"admin","author_link":"https:\/\/www.beitalhikma.tn\/fr\/author\/admin\/"},"yoast_head":"<!-- This site is optimized with the Yoast SEO plugin v27.5 - https:\/\/yoast.com\/product\/yoast-seo-wordpress\/ -->\n<title>Comm\u00e9moration du 40 \u00e8me jour du regrett\u00e9 B\u00e9chir Ben Slama 25 avril 2023 - Beit al-Hikma<\/title>\n<meta name=\"robots\" content=\"index, follow, max-snippet:-1, max-image-preview:large, max-video-preview:-1\" \/>\n<link rel=\"canonical\" href=\"https:\/\/www.beitalhikma.tn\/fr\/commemoration-du-40-eme-jour-du-regrette-bechir-ben-slama-25-avril-2023\/\" \/>\n<meta property=\"og:locale\" content=\"fr_FR\" \/>\n<meta property=\"og:type\" content=\"article\" \/>\n<meta property=\"og:title\" content=\"Comm\u00e9moration du 40 \u00e8me jour du regrett\u00e9 B\u00e9chir Ben Slama 25 avril 2023 - Beit al-Hikma\" \/>\n<meta property=\"og:description\" content=\"L\u2019Acad\u00e9mie tunisienne des sciences, des lettres et des arts, \u00ab Beit al-Hikma \u00bb a organis\u00e9, le mardi 25 avril 2023, la comm\u00e9moration du 40\u00e8me jour de [&hellip;]\" \/>\n<meta property=\"og:url\" content=\"https:\/\/www.beitalhikma.tn\/fr\/commemoration-du-40-eme-jour-du-regrette-bechir-ben-slama-25-avril-2023\/\" \/>\n<meta property=\"og:site_name\" content=\"Beit al-Hikma\" \/>\n<meta property=\"article:publisher\" content=\"https:\/\/www.facebook.com\/BeitalhikmaTunisie\/\" \/>\n<meta property=\"article:published_time\" content=\"2023-04-17T09:36:44+00:00\" \/>\n<meta property=\"article:modified_time\" content=\"2023-05-02T09:45:23+00:00\" \/>\n<meta property=\"og:image\" content=\"https:\/\/www.beitalhikma.tn\/wp-content\/uploads\/2023\/04\/Capture-1.png\" \/>\n\t<meta property=\"og:image:width\" content=\"379\" \/>\n\t<meta property=\"og:image:height\" content=\"201\" \/>\n\t<meta property=\"og:image:type\" content=\"image\/png\" \/>\n<meta name=\"author\" content=\"admin\" \/>\n<meta name=\"twitter:card\" content=\"summary_large_image\" \/>\n<meta name=\"twitter:creator\" content=\"@Beit_alhikma_TN\" \/>\n<meta name=\"twitter:site\" content=\"@Beit_alhikma_TN\" \/>\n<meta name=\"twitter:label1\" content=\"\u00c9crit par\" \/>\n\t<meta name=\"twitter:data1\" content=\"admin\" \/>\n\t<meta name=\"twitter:label2\" content=\"Dur\u00e9e de lecture estim\u00e9e\" \/>\n\t<meta name=\"twitter:data2\" content=\"2 minutes\" \/>\n<script type=\"application\/ld+json\" class=\"yoast-schema-graph\">{\"@context\":\"https:\\\/\\\/schema.org\",\"@graph\":[{\"@type\":\"Article\",\"@id\":\"https:\\\/\\\/www.beitalhikma.tn\\\/fr\\\/commemoration-du-40-eme-jour-du-regrette-bechir-ben-slama-25-avril-2023\\\/#article\",\"isPartOf\":{\"@id\":\"https:\\\/\\\/www.beitalhikma.tn\\\/fr\\\/commemoration-du-40-eme-jour-du-regrette-bechir-ben-slama-25-avril-2023\\\/\"},\"author\":{\"name\":\"admin\",\"@id\":\"https:\\\/\\\/www.beitalhikma.tn\\\/#\\\/schema\\\/person\\\/d51263ac3110f1f902e74859a0b4d0ab\"},\"headline\":\"Comm\u00e9moration du 40 \u00e8me jour du regrett\u00e9 B\u00e9chir Ben Slama 25 avril 2023\",\"datePublished\":\"2023-04-17T09:36:44+00:00\",\"dateModified\":\"2023-05-02T09:45:23+00:00\",\"mainEntityOfPage\":{\"@id\":\"https:\\\/\\\/www.beitalhikma.tn\\\/fr\\\/commemoration-du-40-eme-jour-du-regrette-bechir-ben-slama-25-avril-2023\\\/\"},\"wordCount\":284,\"commentCount\":0,\"publisher\":{\"@id\":\"https:\\\/\\\/www.beitalhikma.tn\\\/#organization\"},\"image\":{\"@id\":\"https:\\\/\\\/www.beitalhikma.tn\\\/fr\\\/commemoration-du-40-eme-jour-du-regrette-bechir-ben-slama-25-avril-2023\\\/#primaryimage\"},\"thumbnailUrl\":\"https:\\\/\\\/www.beitalhikma.tn\\\/wp-content\\\/uploads\\\/2023\\\/04\\\/Capture-1.png\",\"articleSection\":[\"Les activit\u00e9s\"],\"inLanguage\":\"fr-FR\"},{\"@type\":\"WebPage\",\"@id\":\"https:\\\/\\\/www.beitalhikma.tn\\\/fr\\\/commemoration-du-40-eme-jour-du-regrette-bechir-ben-slama-25-avril-2023\\\/\",\"url\":\"https:\\\/\\\/www.beitalhikma.tn\\\/fr\\\/commemoration-du-40-eme-jour-du-regrette-bechir-ben-slama-25-avril-2023\\\/\",\"name\":\"Comm\u00e9moration du 40 \u00e8me jour du regrett\u00e9 B\u00e9chir Ben Slama 25 avril 2023 - Beit al-Hikma\",\"isPartOf\":{\"@id\":\"https:\\\/\\\/www.beitalhikma.tn\\\/#website\"},\"primaryImageOfPage\":{\"@id\":\"https:\\\/\\\/www.beitalhikma.tn\\\/fr\\\/commemoration-du-40-eme-jour-du-regrette-bechir-ben-slama-25-avril-2023\\\/#primaryimage\"},\"image\":{\"@id\":\"https:\\\/\\\/www.beitalhikma.tn\\\/fr\\\/commemoration-du-40-eme-jour-du-regrette-bechir-ben-slama-25-avril-2023\\\/#primaryimage\"},\"thumbnailUrl\":\"https:\\\/\\\/www.beitalhikma.tn\\\/wp-content\\\/uploads\\\/2023\\\/04\\\/Capture-1.png\",\"datePublished\":\"2023-04-17T09:36:44+00:00\",\"dateModified\":\"2023-05-02T09:45:23+00:00\",\"breadcrumb\":{\"@id\":\"https:\\\/\\\/www.beitalhikma.tn\\\/fr\\\/commemoration-du-40-eme-jour-du-regrette-bechir-ben-slama-25-avril-2023\\\/#breadcrumb\"},\"inLanguage\":\"fr-FR\",\"potentialAction\":[{\"@type\":\"ReadAction\",\"target\":[\"https:\\\/\\\/www.beitalhikma.tn\\\/fr\\\/commemoration-du-40-eme-jour-du-regrette-bechir-ben-slama-25-avril-2023\\\/\"]}]},{\"@type\":\"ImageObject\",\"inLanguage\":\"fr-FR\",\"@id\":\"https:\\\/\\\/www.beitalhikma.tn\\\/fr\\\/commemoration-du-40-eme-jour-du-regrette-bechir-ben-slama-25-avril-2023\\\/#primaryimage\",\"url\":\"https:\\\/\\\/www.beitalhikma.tn\\\/wp-content\\\/uploads\\\/2023\\\/04\\\/Capture-1.png\",\"contentUrl\":\"https:\\\/\\\/www.beitalhikma.tn\\\/wp-content\\\/uploads\\\/2023\\\/04\\\/Capture-1.png\",\"width\":379,\"height\":201},{\"@type\":\"BreadcrumbList\",\"@id\":\"https:\\\/\\\/www.beitalhikma.tn\\\/fr\\\/commemoration-du-40-eme-jour-du-regrette-bechir-ben-slama-25-avril-2023\\\/#breadcrumb\",\"itemListElement\":[{\"@type\":\"ListItem\",\"position\":1,\"name\":\"Accueil\",\"item\":\"https:\\\/\\\/www.beitalhikma.tn\\\/fr\\\/\"},{\"@type\":\"ListItem\",\"position\":2,\"name\":\"Comm\u00e9moration du 40 \u00e8me jour du regrett\u00e9 B\u00e9chir Ben Slama 25 avril 2023\"}]},{\"@type\":\"WebSite\",\"@id\":\"https:\\\/\\\/www.beitalhikma.tn\\\/#website\",\"url\":\"https:\\\/\\\/www.beitalhikma.tn\\\/\",\"name\":\"Beit al-Hikma\",\"description\":\"L&#039;Acad\u00e9mie Tunisienne des Sciences, des Lettres  et des Arts\",\"publisher\":{\"@id\":\"https:\\\/\\\/www.beitalhikma.tn\\\/#organization\"},\"potentialAction\":[{\"@type\":\"SearchAction\",\"target\":{\"@type\":\"EntryPoint\",\"urlTemplate\":\"https:\\\/\\\/www.beitalhikma.tn\\\/?s={search_term_string}\"},\"query-input\":{\"@type\":\"PropertyValueSpecification\",\"valueRequired\":true,\"valueName\":\"search_term_string\"}}],\"inLanguage\":\"fr-FR\"},{\"@type\":\"Organization\",\"@id\":\"https:\\\/\\\/www.beitalhikma.tn\\\/#organization\",\"name\":\"Beit Al Hikma\",\"url\":\"https:\\\/\\\/www.beitalhikma.tn\\\/\",\"logo\":{\"@type\":\"ImageObject\",\"inLanguage\":\"fr-FR\",\"@id\":\"https:\\\/\\\/www.beitalhikma.tn\\\/#\\\/schema\\\/logo\\\/image\\\/\",\"url\":\"https:\\\/\\\/www.beitalhikma.tn\\\/wp-content\\\/uploads\\\/2014\\\/11\\\/logo.png\",\"contentUrl\":\"https:\\\/\\\/www.beitalhikma.tn\\\/wp-content\\\/uploads\\\/2014\\\/11\\\/logo.png\",\"width\":288,\"height\":109,\"caption\":\"Beit Al Hikma\"},\"image\":{\"@id\":\"https:\\\/\\\/www.beitalhikma.tn\\\/#\\\/schema\\\/logo\\\/image\\\/\"},\"sameAs\":[\"https:\\\/\\\/www.facebook.com\\\/BeitalhikmaTunisie\\\/\",\"https:\\\/\\\/x.com\\\/Beit_alhikma_TN\",\"https:\\\/\\\/www.youtube.com\\\/channel\\\/UCl8EfDXqt5MFfcEY0UYhevg\"]},{\"@type\":\"Person\",\"@id\":\"https:\\\/\\\/www.beitalhikma.tn\\\/#\\\/schema\\\/person\\\/d51263ac3110f1f902e74859a0b4d0ab\",\"name\":\"admin\",\"url\":\"https:\\\/\\\/www.beitalhikma.tn\\\/fr\\\/author\\\/admin\\\/\"}]}<\/script>\n<!-- \/ Yoast SEO plugin. -->","yoast_head_json":{"title":"Comm\u00e9moration du 40 \u00e8me jour du regrett\u00e9 B\u00e9chir Ben Slama 25 avril 2023 - Beit al-Hikma","robots":{"index":"index","follow":"follow","max-snippet":"max-snippet:-1","max-image-preview":"max-image-preview:large","max-video-preview":"max-video-preview:-1"},"canonical":"https:\/\/www.beitalhikma.tn\/fr\/commemoration-du-40-eme-jour-du-regrette-bechir-ben-slama-25-avril-2023\/","og_locale":"fr_FR","og_type":"article","og_title":"Comm\u00e9moration du 40 \u00e8me jour du regrett\u00e9 B\u00e9chir Ben Slama 25 avril 2023 - Beit al-Hikma","og_description":"L\u2019Acad\u00e9mie tunisienne des sciences, des lettres et des arts, \u00ab Beit al-Hikma \u00bb a organis\u00e9, le mardi 25 avril 2023, la comm\u00e9moration du 40\u00e8me jour de [&hellip;]","og_url":"https:\/\/www.beitalhikma.tn\/fr\/commemoration-du-40-eme-jour-du-regrette-bechir-ben-slama-25-avril-2023\/","og_site_name":"Beit al-Hikma","article_publisher":"https:\/\/www.facebook.com\/BeitalhikmaTunisie\/","article_published_time":"2023-04-17T09:36:44+00:00","article_modified_time":"2023-05-02T09:45:23+00:00","og_image":[{"width":379,"height":201,"url":"https:\/\/www.beitalhikma.tn\/wp-content\/uploads\/2023\/04\/Capture-1.png","type":"image\/png"}],"author":"admin","twitter_card":"summary_large_image","twitter_creator":"@Beit_alhikma_TN","twitter_site":"@Beit_alhikma_TN","twitter_misc":{"\u00c9crit par":"admin","Dur\u00e9e de lecture estim\u00e9e":"2 minutes"},"schema":{"@context":"https:\/\/schema.org","@graph":[{"@type":"Article","@id":"https:\/\/www.beitalhikma.tn\/fr\/commemoration-du-40-eme-jour-du-regrette-bechir-ben-slama-25-avril-2023\/#article","isPartOf":{"@id":"https:\/\/www.beitalhikma.tn\/fr\/commemoration-du-40-eme-jour-du-regrette-bechir-ben-slama-25-avril-2023\/"},"author":{"name":"admin","@id":"https:\/\/www.beitalhikma.tn\/#\/schema\/person\/d51263ac3110f1f902e74859a0b4d0ab"},"headline":"Comm\u00e9moration du 40 \u00e8me jour du regrett\u00e9 B\u00e9chir Ben Slama 25 avril 2023","datePublished":"2023-04-17T09:36:44+00:00","dateModified":"2023-05-02T09:45:23+00:00","mainEntityOfPage":{"@id":"https:\/\/www.beitalhikma.tn\/fr\/commemoration-du-40-eme-jour-du-regrette-bechir-ben-slama-25-avril-2023\/"},"wordCount":284,"commentCount":0,"publisher":{"@id":"https:\/\/www.beitalhikma.tn\/#organization"},"image":{"@id":"https:\/\/www.beitalhikma.tn\/fr\/commemoration-du-40-eme-jour-du-regrette-bechir-ben-slama-25-avril-2023\/#primaryimage"},"thumbnailUrl":"https:\/\/www.beitalhikma.tn\/wp-content\/uploads\/2023\/04\/Capture-1.png","articleSection":["Les activit\u00e9s"],"inLanguage":"fr-FR"},{"@type":"WebPage","@id":"https:\/\/www.beitalhikma.tn\/fr\/commemoration-du-40-eme-jour-du-regrette-bechir-ben-slama-25-avril-2023\/","url":"https:\/\/www.beitalhikma.tn\/fr\/commemoration-du-40-eme-jour-du-regrette-bechir-ben-slama-25-avril-2023\/","name":"Comm\u00e9moration du 40 \u00e8me jour du regrett\u00e9 B\u00e9chir Ben Slama 25 avril 2023 - Beit al-Hikma","isPartOf":{"@id":"https:\/\/www.beitalhikma.tn\/#website"},"primaryImageOfPage":{"@id":"https:\/\/www.beitalhikma.tn\/fr\/commemoration-du-40-eme-jour-du-regrette-bechir-ben-slama-25-avril-2023\/#primaryimage"},"image":{"@id":"https:\/\/www.beitalhikma.tn\/fr\/commemoration-du-40-eme-jour-du-regrette-bechir-ben-slama-25-avril-2023\/#primaryimage"},"thumbnailUrl":"https:\/\/www.beitalhikma.tn\/wp-content\/uploads\/2023\/04\/Capture-1.png","datePublished":"2023-04-17T09:36:44+00:00","dateModified":"2023-05-02T09:45:23+00:00","breadcrumb":{"@id":"https:\/\/www.beitalhikma.tn\/fr\/commemoration-du-40-eme-jour-du-regrette-bechir-ben-slama-25-avril-2023\/#breadcrumb"},"inLanguage":"fr-FR","potentialAction":[{"@type":"ReadAction","target":["https:\/\/www.beitalhikma.tn\/fr\/commemoration-du-40-eme-jour-du-regrette-bechir-ben-slama-25-avril-2023\/"]}]},{"@type":"ImageObject","inLanguage":"fr-FR","@id":"https:\/\/www.beitalhikma.tn\/fr\/commemoration-du-40-eme-jour-du-regrette-bechir-ben-slama-25-avril-2023\/#primaryimage","url":"https:\/\/www.beitalhikma.tn\/wp-content\/uploads\/2023\/04\/Capture-1.png","contentUrl":"https:\/\/www.beitalhikma.tn\/wp-content\/uploads\/2023\/04\/Capture-1.png","width":379,"height":201},{"@type":"BreadcrumbList","@id":"https:\/\/www.beitalhikma.tn\/fr\/commemoration-du-40-eme-jour-du-regrette-bechir-ben-slama-25-avril-2023\/#breadcrumb","itemListElement":[{"@type":"ListItem","position":1,"name":"Accueil","item":"https:\/\/www.beitalhikma.tn\/fr\/"},{"@type":"ListItem","position":2,"name":"Comm\u00e9moration du 40 \u00e8me jour du regrett\u00e9 B\u00e9chir Ben Slama 25 avril 2023"}]},{"@type":"WebSite","@id":"https:\/\/www.beitalhikma.tn\/#website","url":"https:\/\/www.beitalhikma.tn\/","name":"Beit al-Hikma","description":"L&#039;Acad\u00e9mie Tunisienne des Sciences, des Lettres  et des Arts","publisher":{"@id":"https:\/\/www.beitalhikma.tn\/#organization"},"potentialAction":[{"@type":"SearchAction","target":{"@type":"EntryPoint","urlTemplate":"https:\/\/www.beitalhikma.tn\/?s={search_term_string}"},"query-input":{"@type":"PropertyValueSpecification","valueRequired":true,"valueName":"search_term_string"}}],"inLanguage":"fr-FR"},{"@type":"Organization","@id":"https:\/\/www.beitalhikma.tn\/#organization","name":"Beit Al Hikma","url":"https:\/\/www.beitalhikma.tn\/","logo":{"@type":"ImageObject","inLanguage":"fr-FR","@id":"https:\/\/www.beitalhikma.tn\/#\/schema\/logo\/image\/","url":"https:\/\/www.beitalhikma.tn\/wp-content\/uploads\/2014\/11\/logo.png","contentUrl":"https:\/\/www.beitalhikma.tn\/wp-content\/uploads\/2014\/11\/logo.png","width":288,"height":109,"caption":"Beit Al Hikma"},"image":{"@id":"https:\/\/www.beitalhikma.tn\/#\/schema\/logo\/image\/"},"sameAs":["https:\/\/www.facebook.com\/BeitalhikmaTunisie\/","https:\/\/x.com\/Beit_alhikma_TN","https:\/\/www.youtube.com\/channel\/UCl8EfDXqt5MFfcEY0UYhevg"]},{"@type":"Person","@id":"https:\/\/www.beitalhikma.tn\/#\/schema\/person\/d51263ac3110f1f902e74859a0b4d0ab","name":"admin","url":"https:\/\/www.beitalhikma.tn\/fr\/author\/admin\/"}]}},"uagb_featured_image_src":{"full":["https:\/\/www.beitalhikma.tn\/wp-content\/uploads\/2023\/04\/Capture-1.png",379,201,false],"thumbnail":["https:\/\/www.beitalhikma.tn\/wp-content\/uploads\/2023\/04\/Capture-1-250x201.png",250,201,true],"medium":["https:\/\/www.beitalhikma.tn\/wp-content\/uploads\/2023\/04\/Capture-1-300x159.png",300,159,true],"medium_large":["https:\/\/www.beitalhikma.tn\/wp-content\/uploads\/2023\/04\/Capture-1.png",379,201,false],"large":["https:\/\/www.beitalhikma.tn\/wp-content\/uploads\/2023\/04\/Capture-1.png",379,201,false],"thumblist":["https:\/\/www.beitalhikma.tn\/wp-content\/uploads\/2023\/04\/Capture-1-300x201.png",300,201,true],"meccarouselthumb":["https:\/\/www.beitalhikma.tn\/wp-content\/uploads\/2023\/04\/Capture-1.png",379,201,false],"gridsquare":["https:\/\/www.beitalhikma.tn\/wp-content\/uploads\/2023\/04\/Capture-1.png",379,201,false],"tileview":["https:\/\/www.beitalhikma.tn\/wp-content\/uploads\/2023\/04\/Capture-1-300x201.png",300,201,true],"1536x1536":["https:\/\/www.beitalhikma.tn\/wp-content\/uploads\/2023\/04\/Capture-1.png",379,201,false],"2048x2048":["https:\/\/www.beitalhikma.tn\/wp-content\/uploads\/2023\/04\/Capture-1.png",379,201,false],"post-thumbnail":["https:\/\/www.beitalhikma.tn\/wp-content\/uploads\/2023\/04\/Capture-1-260x138.png",260,138,true],"50x50":["https:\/\/www.beitalhikma.tn\/wp-content\/uploads\/2023\/04\/Capture-1-50x27.png",50,27,true],"portfolio-list":["https:\/\/www.beitalhikma.tn\/wp-content\/uploads\/2023\/04\/Capture-1.png",379,201,false],"portfolio-fs":["https:\/\/www.beitalhikma.tn\/wp-content\/uploads\/2023\/04\/Capture-1.png",379,201,false],"portfolio-slider":["https:\/\/www.beitalhikma.tn\/wp-content\/uploads\/2023\/04\/Capture-1.png",379,201,false],"blog":["https:\/\/www.beitalhikma.tn\/wp-content\/uploads\/2023\/04\/Capture-1.png",379,201,false],"blog-single":["https:\/\/www.beitalhikma.tn\/wp-content\/uploads\/2023\/04\/Capture-1.png",379,201,false],"blog-item":["https:\/\/www.beitalhikma.tn\/wp-content\/uploads\/2023\/04\/Capture-1.png",379,201,false],"blog-widget":["https:\/\/www.beitalhikma.tn\/wp-content\/uploads\/2023\/04\/Capture-1-80x60.png",80,60,true],"features":["https:\/\/www.beitalhikma.tn\/wp-content\/uploads\/2023\/04\/Capture-1-90x90.png",90,90,true],"clients-slider":["https:\/\/www.beitalhikma.tn\/wp-content\/uploads\/2023\/04\/Capture-1-151x80.png",151,80,true],"offer-slider":["https:\/\/www.beitalhikma.tn\/wp-content\/uploads\/2023\/04\/Capture-1.png",379,201,false],"offer-slider-pg":["https:\/\/www.beitalhikma.tn\/wp-content\/uploads\/2023\/04\/Capture-1-42x42.png",42,42,true],"woocommerce_thumbnail":["https:\/\/www.beitalhikma.tn\/wp-content\/uploads\/2023\/04\/Capture-1-250x201.png",250,201,true],"woocommerce_single":["https:\/\/www.beitalhikma.tn\/wp-content\/uploads\/2023\/04\/Capture-1-250x133.png",250,133,true],"woocommerce_gallery_thumbnail":["https:\/\/www.beitalhikma.tn\/wp-content\/uploads\/2023\/04\/Capture-1-100x100.png",100,100,true]},"uagb_author_info":{"display_name":"admin","author_link":"https:\/\/www.beitalhikma.tn\/fr\/author\/admin\/"},"uagb_comment_info":0,"uagb_excerpt":"L\u2019Acad\u00e9mie tunisienne des sciences, des lettres et des arts, \u00ab Beit al-Hikma \u00bb a organis\u00e9, le mardi 25 avril 2023, la comm\u00e9moration du 40\u00e8me jour de [&hellip;]","_links":{"self":[{"href":"https:\/\/www.beitalhikma.tn\/fr\/wp-json\/wp\/v2\/posts\/103058","targetHints":{"allow":["GET"]}}],"collection":[{"href":"https:\/\/www.beitalhikma.tn\/fr\/wp-json\/wp\/v2\/posts"}],"about":[{"href":"https:\/\/www.beitalhikma.tn\/fr\/wp-json\/wp\/v2\/types\/post"}],"author":[{"embeddable":true,"href":"https:\/\/www.beitalhikma.tn\/fr\/wp-json\/wp\/v2\/users\/1"}],"replies":[{"embeddable":true,"href":"https:\/\/www.beitalhikma.tn\/fr\/wp-json\/wp\/v2\/comments?post=103058"}],"version-history":[{"count":0,"href":"https:\/\/www.beitalhikma.tn\/fr\/wp-json\/wp\/v2\/posts\/103058\/revisions"}],"wp:featuredmedia":[{"embeddable":true,"href":"https:\/\/www.beitalhikma.tn\/fr\/wp-json\/wp\/v2\/media\/103056"}],"wp:attachment":[{"href":"https:\/\/www.beitalhikma.tn\/fr\/wp-json\/wp\/v2\/media?parent=103058"}],"wp:term":[{"taxonomy":"category","embeddable":true,"href":"https:\/\/www.beitalhikma.tn\/fr\/wp-json\/wp\/v2\/categories?post=103058"},{"taxonomy":"post_tag","embeddable":true,"href":"https:\/\/www.beitalhikma.tn\/fr\/wp-json\/wp\/v2\/tags?post=103058"}],"curies":[{"name":"wp","href":"https:\/\/api.w.org\/{rel}","templated":true}]}}