{"id":107872,"date":"2023-11-21T12:44:58","date_gmt":"2023-11-21T11:44:58","guid":{"rendered":"https:\/\/www.beitalhikma.tn\/?p=107872"},"modified":"2023-12-01T10:49:36","modified_gmt":"2023-12-01T09:49:36","slug":"commemoration-du-40-eme-jour-de-la-regrettee-mounira-chapoutot-remadi-29-11-2023","status":"publish","type":"post","link":"https:\/\/www.beitalhikma.tn\/fr\/commemoration-du-40-eme-jour-de-la-regrettee-mounira-chapoutot-remadi-29-11-2023\/","title":{"rendered":"Comm\u00e9moration du 40 \u00e8me jour de la regrett\u00e9e Mounira Chapoutot-Remadi 29-11-2023"},"content":{"rendered":"\n<p style=\"font-size:22px\">L\u2019Acad\u00e9mie tunisienne des sciences, des lettres et des arts, \u00ab Beit al-Hikma \u00bb a organis\u00e9, le mercredi 29 novembre 2023, la comm\u00e9moration du 40\u00e8me jour de l\u2019acad\u00e9micienne Mounira Chapoutot-Remadi.<br>Historienne, sp\u00e9cialiste du Moyen-\u00e2ge du monde arabe et musulman, Mounira Chapoutot-Remadi \u00e9tait Professeure \u00e9m\u00e9rite de l\u2019Universit\u00e9 de Tunis et membre de l\u2019Acad\u00e9mie tunisienne \u00ab Beit Al-Hikma \u00bb, o\u00f9 elle avait dirig\u00e9 le D\u00e9partement des Sciences humaines et sociales, et particip\u00e9 \u00e0 l\u2019organisation de colloques de haute facture et \u00e0 l\u2019enrichissement des \u00e9changes intellectuels et acad\u00e9miques sur des questions majeures.<br>Sous la houlette du professeur Mahmoud Ben Romdhane, Pr\u00e9sident de l\u2019Acad\u00e9mie tunisienne \u00ab Be\u00eft al-Hikma \u00bb, une pl\u00e9iade d\u2019amis et de coll\u00e8gues ont rendu hommage \u00e0 la d\u00e9funte en pr\u00e9sence des membres de sa famille, au cours d\u2019une c\u00e9r\u00e9monie \u00e9mouvante, riche en histoires personnelles et en anecdotes, \u00e9voquant le parcours de celle qui fut \u00ab une aventuri\u00e8re des id\u00e9es \u00bb, ses r\u00e9alisations et la passion qu\u2019elle vouait pour la litt\u00e9rature et qui n\u2019a cess\u00e9 de l\u2019animer jusqu\u2019\u00e0 ses derniers jours.<br>On comptait parmi les intervenants, Messieurs et Mesdames, Yadh Ben Achour, Nejmeddine Hentati, Alia Baccar Bornaz, Sihem Debbabi Missaoui, Leila Temime Blili.<br>La journ\u00e9e de comm\u00e9moration s\u2019est tenue \u00e0 15H00 au Palais de l\u2019Acad\u00e9mie, sis \u00e0 Carthage-Hannibal.<\/p>\n\n\n<div class=\"wp-block-image\">\n<figure class=\"aligncenter size-large\"><img loading=\"lazy\" decoding=\"async\" width=\"724\" height=\"1024\" src=\"https:\/\/www.beitalhikma.tn\/wp-content\/uploads\/2023\/11\/Affiche-7-724x1024.jpg\" alt=\"\" class=\"wp-image-107876\" srcset=\"https:\/\/www.beitalhikma.tn\/wp-content\/uploads\/2023\/11\/Affiche-7-724x1024.jpg 724w, https:\/\/www.beitalhikma.tn\/wp-content\/uploads\/2023\/11\/Affiche-7-212x300.jpg 212w, https:\/\/www.beitalhikma.tn\/wp-content\/uploads\/2023\/11\/Affiche-7-768x1086.jpg 768w, https:\/\/www.beitalhikma.tn\/wp-content\/uploads\/2023\/11\/Affiche-7-1086x1536.jpg 1086w, https:\/\/www.beitalhikma.tn\/wp-content\/uploads\/2023\/11\/Affiche-7-1448x2048.jpg 1448w, https:\/\/www.beitalhikma.tn\/wp-content\/uploads\/2023\/11\/Affiche-7-103x146.jpg 103w, https:\/\/www.beitalhikma.tn\/wp-content\/uploads\/2023\/11\/Affiche-7-35x50.jpg 35w, https:\/\/www.beitalhikma.tn\/wp-content\/uploads\/2023\/11\/Affiche-7-57x80.jpg 57w, https:\/\/www.beitalhikma.tn\/wp-content\/uploads\/2023\/11\/Affiche-7-250x354.jpg 250w, https:\/\/www.beitalhikma.tn\/wp-content\/uploads\/2023\/11\/Affiche-7.jpg 1754w\" sizes=\"auto, (max-width: 724px) 100vw, 724px\" \/><\/figure><\/div>\n\n<div class=\"wp-block-image\">\n<figure class=\"aligncenter size-large\"><img loading=\"lazy\" decoding=\"async\" width=\"1024\" height=\"488\" src=\"https:\/\/www.beitalhikma.tn\/wp-content\/uploads\/2023\/11\/Invitation-fr-6-1024x488.jpg\" alt=\"\" class=\"wp-image-107879\" srcset=\"https:\/\/www.beitalhikma.tn\/wp-content\/uploads\/2023\/11\/Invitation-fr-6-1024x488.jpg 1024w, https:\/\/www.beitalhikma.tn\/wp-content\/uploads\/2023\/11\/Invitation-fr-6-300x143.jpg 300w, https:\/\/www.beitalhikma.tn\/wp-content\/uploads\/2023\/11\/Invitation-fr-6-768x366.jpg 768w, https:\/\/www.beitalhikma.tn\/wp-content\/uploads\/2023\/11\/Invitation-fr-6-260x124.jpg 260w, https:\/\/www.beitalhikma.tn\/wp-content\/uploads\/2023\/11\/Invitation-fr-6-50x24.jpg 50w, https:\/\/www.beitalhikma.tn\/wp-content\/uploads\/2023\/11\/Invitation-fr-6-155x74.jpg 155w, https:\/\/www.beitalhikma.tn\/wp-content\/uploads\/2023\/11\/Invitation-fr-6-250x119.jpg 250w, https:\/\/www.beitalhikma.tn\/wp-content\/uploads\/2023\/11\/Invitation-fr-6.jpg 1241w\" sizes=\"auto, (max-width: 1024px) 100vw, 1024px\" \/><\/figure><\/div>\n\n\n<div class=\"wp-block-uagb-container uagb-block-7ee09930 alignfull uagb-is-root-container\"><div class=\"uagb-container-inner-blocks-wrap\">\n<div class=\"wp-block-uagb-container uagb-block-14bfd8b4\">\n<p class=\"has-text-align-center\" style=\"font-size:23px\"><a href=\"https:\/\/www.facebook.com\/BeitalhikmaTunisie\/posts\/761290759371227?ref=embed_post\"><strong>Phototh\u00e8que<\/strong><\/a><\/p>\n<\/div>\n\n\n\n<div class=\"wp-block-uagb-container uagb-block-d70e0c27\">\n<p class=\"has-text-align-center has-white-color has-text-color\" style=\"font-size:23px\"><a href=\"https:\/\/www.youtube.com\/watch?v=hhqbKiyVeAg\"><strong>Le lien vers l&#8217;activit\u00e9<\/strong><\/a><\/p>\n<\/div>\n\n\n\n<div class=\"wp-block-uagb-container uagb-block-c39f5ad5\">\n<ul class=\"wp-block-social-links aligncenter has-huge-icon-size has-visible-labels has-icon-color is-style-logos-only is-content-justification-center is-layout-flex wp-container-core-social-links-is-layout-5590e8cb wp-block-social-links-is-layout-flex\"><li style=\"color: #fcb900; \" class=\"wp-social-link wp-social-link-youtube has-luminous-vivid-amber-color wp-block-social-link\"><a rel=\"noopener nofollow\" target=\"_blank\" href=\"https:\/\/www.youtube.com\/@lacademietunisiennebeital-6305\/videos\" class=\"wp-block-social-link-anchor\"><svg width=\"24\" height=\"24\" viewBox=\"0 0 24 24\" version=\"1.1\" xmlns=\"http:\/\/www.w3.org\/2000\/svg\" aria-hidden=\"true\" focusable=\"false\"><path d=\"M21.8,8.001c0,0-0.195-1.378-0.795-1.985c-0.76-0.797-1.613-0.801-2.004-0.847c-2.799-0.202-6.997-0.202-6.997-0.202 h-0.009c0,0-4.198,0-6.997,0.202C4.608,5.216,3.756,5.22,2.995,6.016C2.395,6.623,2.2,8.001,2.2,8.001S2,9.62,2,11.238v1.517 c0,1.618,0.2,3.237,0.2,3.237s0.195,1.378,0.795,1.985c0.761,0.797,1.76,0.771,2.205,0.855c1.6,0.153,6.8,0.201,6.8,0.201 s4.203-0.006,7.001-0.209c0.391-0.047,1.243-0.051,2.004-0.847c0.6-0.607,0.795-1.985,0.795-1.985s0.2-1.618,0.2-3.237v-1.517 C22,9.62,21.8,8.001,21.8,8.001z M9.935,14.594l-0.001-5.62l5.404,2.82L9.935,14.594z\"><\/path><\/svg><span class=\"wp-block-social-link-label\">YouTube<\/span><\/a><\/li><\/ul>\n<\/div>\n<\/div><\/div>\n","protected":false},"excerpt":{"rendered":"<p>L\u2019Acad\u00e9mie tunisienne des sciences, des lettres et des arts, \u00ab Beit al-Hikma \u00bb a organis\u00e9, le mercredi 29 novembre 2023, la comm\u00e9moration du 40\u00e8me jour de [&hellip;]<\/p>\n","protected":false},"author":1,"featured_media":108169,"comment_status":"open","ping_status":"open","sticky":false,"template":"","format":"standard","meta":{"_uag_custom_page_level_css":"","footnotes":""},"categories":[3],"tags":[],"class_list":["post-107872","post","type-post","status-publish","format-standard","has-post-thumbnail","hentry","category-news-fr-fr"],"featured_image_src":"https:\/\/www.beitalhikma.tn\/wp-content\/uploads\/2023\/11\/DSC_3388-scaled.jpg","author_info":{"display_name":"admin","author_link":"https:\/\/www.beitalhikma.tn\/fr\/author\/admin\/"},"yoast_head":"<!-- This site is optimized with the Yoast SEO plugin v27.5 - https:\/\/yoast.com\/product\/yoast-seo-wordpress\/ -->\n<title>Comm\u00e9moration du 40 \u00e8me jour de la regrett\u00e9e Mounira Chapoutot-Remadi 29-11-2023 - Beit al-Hikma<\/title>\n<meta name=\"robots\" content=\"index, follow, max-snippet:-1, max-image-preview:large, max-video-preview:-1\" \/>\n<link rel=\"canonical\" href=\"https:\/\/www.beitalhikma.tn\/fr\/commemoration-du-40-eme-jour-de-la-regrettee-mounira-chapoutot-remadi-29-11-2023\/\" \/>\n<meta property=\"og:locale\" content=\"fr_FR\" \/>\n<meta property=\"og:type\" content=\"article\" \/>\n<meta property=\"og:title\" content=\"Comm\u00e9moration du 40 \u00e8me jour de la regrett\u00e9e Mounira Chapoutot-Remadi 29-11-2023 - Beit al-Hikma\" \/>\n<meta property=\"og:description\" content=\"L\u2019Acad\u00e9mie tunisienne des sciences, des lettres et des arts, \u00ab Beit al-Hikma \u00bb a organis\u00e9, le mercredi 29 novembre 2023, la comm\u00e9moration du 40\u00e8me jour de [&hellip;]\" \/>\n<meta property=\"og:url\" content=\"https:\/\/www.beitalhikma.tn\/fr\/commemoration-du-40-eme-jour-de-la-regrettee-mounira-chapoutot-remadi-29-11-2023\/\" \/>\n<meta property=\"og:site_name\" content=\"Beit al-Hikma\" \/>\n<meta property=\"article:publisher\" content=\"https:\/\/www.facebook.com\/BeitalhikmaTunisie\/\" \/>\n<meta property=\"article:published_time\" content=\"2023-11-21T11:44:58+00:00\" \/>\n<meta property=\"article:modified_time\" content=\"2023-12-01T09:49:36+00:00\" \/>\n<meta property=\"og:image\" content=\"https:\/\/www.beitalhikma.tn\/wp-content\/uploads\/2023\/11\/DSC_3388-scaled.jpg\" \/>\n\t<meta property=\"og:image:width\" content=\"2560\" \/>\n\t<meta property=\"og:image:height\" content=\"1537\" \/>\n\t<meta property=\"og:image:type\" content=\"image\/jpeg\" \/>\n<meta name=\"author\" content=\"admin\" \/>\n<meta name=\"twitter:card\" content=\"summary_large_image\" \/>\n<meta name=\"twitter:creator\" content=\"@Beit_alhikma_TN\" \/>\n<meta name=\"twitter:site\" content=\"@Beit_alhikma_TN\" \/>\n<meta name=\"twitter:label1\" content=\"\u00c9crit par\" \/>\n\t<meta name=\"twitter:data1\" content=\"admin\" \/>\n\t<meta name=\"twitter:label2\" content=\"Dur\u00e9e de lecture estim\u00e9e\" \/>\n\t<meta name=\"twitter:data2\" content=\"2 minutes\" \/>\n<script type=\"application\/ld+json\" class=\"yoast-schema-graph\">{\"@context\":\"https:\\\/\\\/schema.org\",\"@graph\":[{\"@type\":\"Article\",\"@id\":\"https:\\\/\\\/www.beitalhikma.tn\\\/fr\\\/commemoration-du-40-eme-jour-de-la-regrettee-mounira-chapoutot-remadi-29-11-2023\\\/#article\",\"isPartOf\":{\"@id\":\"https:\\\/\\\/www.beitalhikma.tn\\\/fr\\\/commemoration-du-40-eme-jour-de-la-regrettee-mounira-chapoutot-remadi-29-11-2023\\\/\"},\"author\":{\"name\":\"admin\",\"@id\":\"https:\\\/\\\/www.beitalhikma.tn\\\/#\\\/schema\\\/person\\\/d51263ac3110f1f902e74859a0b4d0ab\"},\"headline\":\"Comm\u00e9moration du 40 \u00e8me jour de la regrett\u00e9e Mounira Chapoutot-Remadi 29-11-2023\",\"datePublished\":\"2023-11-21T11:44:58+00:00\",\"dateModified\":\"2023-12-01T09:49:36+00:00\",\"mainEntityOfPage\":{\"@id\":\"https:\\\/\\\/www.beitalhikma.tn\\\/fr\\\/commemoration-du-40-eme-jour-de-la-regrettee-mounira-chapoutot-remadi-29-11-2023\\\/\"},\"wordCount\":248,\"commentCount\":0,\"publisher\":{\"@id\":\"https:\\\/\\\/www.beitalhikma.tn\\\/#organization\"},\"image\":{\"@id\":\"https:\\\/\\\/www.beitalhikma.tn\\\/fr\\\/commemoration-du-40-eme-jour-de-la-regrettee-mounira-chapoutot-remadi-29-11-2023\\\/#primaryimage\"},\"thumbnailUrl\":\"https:\\\/\\\/www.beitalhikma.tn\\\/wp-content\\\/uploads\\\/2023\\\/11\\\/DSC_3388-scaled.jpg\",\"articleSection\":[\"Les activit\u00e9s\"],\"inLanguage\":\"fr-FR\"},{\"@type\":\"WebPage\",\"@id\":\"https:\\\/\\\/www.beitalhikma.tn\\\/fr\\\/commemoration-du-40-eme-jour-de-la-regrettee-mounira-chapoutot-remadi-29-11-2023\\\/\",\"url\":\"https:\\\/\\\/www.beitalhikma.tn\\\/fr\\\/commemoration-du-40-eme-jour-de-la-regrettee-mounira-chapoutot-remadi-29-11-2023\\\/\",\"name\":\"Comm\u00e9moration du 40 \u00e8me jour de la regrett\u00e9e Mounira Chapoutot-Remadi 29-11-2023 - Beit al-Hikma\",\"isPartOf\":{\"@id\":\"https:\\\/\\\/www.beitalhikma.tn\\\/#website\"},\"primaryImageOfPage\":{\"@id\":\"https:\\\/\\\/www.beitalhikma.tn\\\/fr\\\/commemoration-du-40-eme-jour-de-la-regrettee-mounira-chapoutot-remadi-29-11-2023\\\/#primaryimage\"},\"image\":{\"@id\":\"https:\\\/\\\/www.beitalhikma.tn\\\/fr\\\/commemoration-du-40-eme-jour-de-la-regrettee-mounira-chapoutot-remadi-29-11-2023\\\/#primaryimage\"},\"thumbnailUrl\":\"https:\\\/\\\/www.beitalhikma.tn\\\/wp-content\\\/uploads\\\/2023\\\/11\\\/DSC_3388-scaled.jpg\",\"datePublished\":\"2023-11-21T11:44:58+00:00\",\"dateModified\":\"2023-12-01T09:49:36+00:00\",\"breadcrumb\":{\"@id\":\"https:\\\/\\\/www.beitalhikma.tn\\\/fr\\\/commemoration-du-40-eme-jour-de-la-regrettee-mounira-chapoutot-remadi-29-11-2023\\\/#breadcrumb\"},\"inLanguage\":\"fr-FR\",\"potentialAction\":[{\"@type\":\"ReadAction\",\"target\":[\"https:\\\/\\\/www.beitalhikma.tn\\\/fr\\\/commemoration-du-40-eme-jour-de-la-regrettee-mounira-chapoutot-remadi-29-11-2023\\\/\"]}]},{\"@type\":\"ImageObject\",\"inLanguage\":\"fr-FR\",\"@id\":\"https:\\\/\\\/www.beitalhikma.tn\\\/fr\\\/commemoration-du-40-eme-jour-de-la-regrettee-mounira-chapoutot-remadi-29-11-2023\\\/#primaryimage\",\"url\":\"https:\\\/\\\/www.beitalhikma.tn\\\/wp-content\\\/uploads\\\/2023\\\/11\\\/DSC_3388-scaled.jpg\",\"contentUrl\":\"https:\\\/\\\/www.beitalhikma.tn\\\/wp-content\\\/uploads\\\/2023\\\/11\\\/DSC_3388-scaled.jpg\",\"width\":2560,\"height\":1537},{\"@type\":\"BreadcrumbList\",\"@id\":\"https:\\\/\\\/www.beitalhikma.tn\\\/fr\\\/commemoration-du-40-eme-jour-de-la-regrettee-mounira-chapoutot-remadi-29-11-2023\\\/#breadcrumb\",\"itemListElement\":[{\"@type\":\"ListItem\",\"position\":1,\"name\":\"Accueil\",\"item\":\"https:\\\/\\\/www.beitalhikma.tn\\\/fr\\\/\"},{\"@type\":\"ListItem\",\"position\":2,\"name\":\"Comm\u00e9moration du 40 \u00e8me jour de la regrett\u00e9e Mounira Chapoutot-Remadi 29-11-2023\"}]},{\"@type\":\"WebSite\",\"@id\":\"https:\\\/\\\/www.beitalhikma.tn\\\/#website\",\"url\":\"https:\\\/\\\/www.beitalhikma.tn\\\/\",\"name\":\"Beit al-Hikma\",\"description\":\"L&#039;Acad\u00e9mie Tunisienne des Sciences, des Lettres  et des Arts\",\"publisher\":{\"@id\":\"https:\\\/\\\/www.beitalhikma.tn\\\/#organization\"},\"potentialAction\":[{\"@type\":\"SearchAction\",\"target\":{\"@type\":\"EntryPoint\",\"urlTemplate\":\"https:\\\/\\\/www.beitalhikma.tn\\\/?s={search_term_string}\"},\"query-input\":{\"@type\":\"PropertyValueSpecification\",\"valueRequired\":true,\"valueName\":\"search_term_string\"}}],\"inLanguage\":\"fr-FR\"},{\"@type\":\"Organization\",\"@id\":\"https:\\\/\\\/www.beitalhikma.tn\\\/#organization\",\"name\":\"Beit Al Hikma\",\"url\":\"https:\\\/\\\/www.beitalhikma.tn\\\/\",\"logo\":{\"@type\":\"ImageObject\",\"inLanguage\":\"fr-FR\",\"@id\":\"https:\\\/\\\/www.beitalhikma.tn\\\/#\\\/schema\\\/logo\\\/image\\\/\",\"url\":\"https:\\\/\\\/www.beitalhikma.tn\\\/wp-content\\\/uploads\\\/2014\\\/11\\\/logo.png\",\"contentUrl\":\"https:\\\/\\\/www.beitalhikma.tn\\\/wp-content\\\/uploads\\\/2014\\\/11\\\/logo.png\",\"width\":288,\"height\":109,\"caption\":\"Beit Al Hikma\"},\"image\":{\"@id\":\"https:\\\/\\\/www.beitalhikma.tn\\\/#\\\/schema\\\/logo\\\/image\\\/\"},\"sameAs\":[\"https:\\\/\\\/www.facebook.com\\\/BeitalhikmaTunisie\\\/\",\"https:\\\/\\\/x.com\\\/Beit_alhikma_TN\",\"https:\\\/\\\/www.youtube.com\\\/channel\\\/UCl8EfDXqt5MFfcEY0UYhevg\"]},{\"@type\":\"Person\",\"@id\":\"https:\\\/\\\/www.beitalhikma.tn\\\/#\\\/schema\\\/person\\\/d51263ac3110f1f902e74859a0b4d0ab\",\"name\":\"admin\",\"url\":\"https:\\\/\\\/www.beitalhikma.tn\\\/fr\\\/author\\\/admin\\\/\"}]}<\/script>\n<!-- \/ Yoast SEO plugin. -->","yoast_head_json":{"title":"Comm\u00e9moration du 40 \u00e8me jour de la regrett\u00e9e Mounira Chapoutot-Remadi 29-11-2023 - Beit al-Hikma","robots":{"index":"index","follow":"follow","max-snippet":"max-snippet:-1","max-image-preview":"max-image-preview:large","max-video-preview":"max-video-preview:-1"},"canonical":"https:\/\/www.beitalhikma.tn\/fr\/commemoration-du-40-eme-jour-de-la-regrettee-mounira-chapoutot-remadi-29-11-2023\/","og_locale":"fr_FR","og_type":"article","og_title":"Comm\u00e9moration du 40 \u00e8me jour de la regrett\u00e9e Mounira Chapoutot-Remadi 29-11-2023 - Beit al-Hikma","og_description":"L\u2019Acad\u00e9mie tunisienne des sciences, des lettres et des arts, \u00ab Beit al-Hikma \u00bb a organis\u00e9, le mercredi 29 novembre 2023, la comm\u00e9moration du 40\u00e8me jour de [&hellip;]","og_url":"https:\/\/www.beitalhikma.tn\/fr\/commemoration-du-40-eme-jour-de-la-regrettee-mounira-chapoutot-remadi-29-11-2023\/","og_site_name":"Beit al-Hikma","article_publisher":"https:\/\/www.facebook.com\/BeitalhikmaTunisie\/","article_published_time":"2023-11-21T11:44:58+00:00","article_modified_time":"2023-12-01T09:49:36+00:00","og_image":[{"width":2560,"height":1537,"url":"https:\/\/www.beitalhikma.tn\/wp-content\/uploads\/2023\/11\/DSC_3388-scaled.jpg","type":"image\/jpeg"}],"author":"admin","twitter_card":"summary_large_image","twitter_creator":"@Beit_alhikma_TN","twitter_site":"@Beit_alhikma_TN","twitter_misc":{"\u00c9crit par":"admin","Dur\u00e9e de lecture estim\u00e9e":"2 minutes"},"schema":{"@context":"https:\/\/schema.org","@graph":[{"@type":"Article","@id":"https:\/\/www.beitalhikma.tn\/fr\/commemoration-du-40-eme-jour-de-la-regrettee-mounira-chapoutot-remadi-29-11-2023\/#article","isPartOf":{"@id":"https:\/\/www.beitalhikma.tn\/fr\/commemoration-du-40-eme-jour-de-la-regrettee-mounira-chapoutot-remadi-29-11-2023\/"},"author":{"name":"admin","@id":"https:\/\/www.beitalhikma.tn\/#\/schema\/person\/d51263ac3110f1f902e74859a0b4d0ab"},"headline":"Comm\u00e9moration du 40 \u00e8me jour de la regrett\u00e9e Mounira Chapoutot-Remadi 29-11-2023","datePublished":"2023-11-21T11:44:58+00:00","dateModified":"2023-12-01T09:49:36+00:00","mainEntityOfPage":{"@id":"https:\/\/www.beitalhikma.tn\/fr\/commemoration-du-40-eme-jour-de-la-regrettee-mounira-chapoutot-remadi-29-11-2023\/"},"wordCount":248,"commentCount":0,"publisher":{"@id":"https:\/\/www.beitalhikma.tn\/#organization"},"image":{"@id":"https:\/\/www.beitalhikma.tn\/fr\/commemoration-du-40-eme-jour-de-la-regrettee-mounira-chapoutot-remadi-29-11-2023\/#primaryimage"},"thumbnailUrl":"https:\/\/www.beitalhikma.tn\/wp-content\/uploads\/2023\/11\/DSC_3388-scaled.jpg","articleSection":["Les activit\u00e9s"],"inLanguage":"fr-FR"},{"@type":"WebPage","@id":"https:\/\/www.beitalhikma.tn\/fr\/commemoration-du-40-eme-jour-de-la-regrettee-mounira-chapoutot-remadi-29-11-2023\/","url":"https:\/\/www.beitalhikma.tn\/fr\/commemoration-du-40-eme-jour-de-la-regrettee-mounira-chapoutot-remadi-29-11-2023\/","name":"Comm\u00e9moration du 40 \u00e8me jour de la regrett\u00e9e Mounira Chapoutot-Remadi 29-11-2023 - Beit al-Hikma","isPartOf":{"@id":"https:\/\/www.beitalhikma.tn\/#website"},"primaryImageOfPage":{"@id":"https:\/\/www.beitalhikma.tn\/fr\/commemoration-du-40-eme-jour-de-la-regrettee-mounira-chapoutot-remadi-29-11-2023\/#primaryimage"},"image":{"@id":"https:\/\/www.beitalhikma.tn\/fr\/commemoration-du-40-eme-jour-de-la-regrettee-mounira-chapoutot-remadi-29-11-2023\/#primaryimage"},"thumbnailUrl":"https:\/\/www.beitalhikma.tn\/wp-content\/uploads\/2023\/11\/DSC_3388-scaled.jpg","datePublished":"2023-11-21T11:44:58+00:00","dateModified":"2023-12-01T09:49:36+00:00","breadcrumb":{"@id":"https:\/\/www.beitalhikma.tn\/fr\/commemoration-du-40-eme-jour-de-la-regrettee-mounira-chapoutot-remadi-29-11-2023\/#breadcrumb"},"inLanguage":"fr-FR","potentialAction":[{"@type":"ReadAction","target":["https:\/\/www.beitalhikma.tn\/fr\/commemoration-du-40-eme-jour-de-la-regrettee-mounira-chapoutot-remadi-29-11-2023\/"]}]},{"@type":"ImageObject","inLanguage":"fr-FR","@id":"https:\/\/www.beitalhikma.tn\/fr\/commemoration-du-40-eme-jour-de-la-regrettee-mounira-chapoutot-remadi-29-11-2023\/#primaryimage","url":"https:\/\/www.beitalhikma.tn\/wp-content\/uploads\/2023\/11\/DSC_3388-scaled.jpg","contentUrl":"https:\/\/www.beitalhikma.tn\/wp-content\/uploads\/2023\/11\/DSC_3388-scaled.jpg","width":2560,"height":1537},{"@type":"BreadcrumbList","@id":"https:\/\/www.beitalhikma.tn\/fr\/commemoration-du-40-eme-jour-de-la-regrettee-mounira-chapoutot-remadi-29-11-2023\/#breadcrumb","itemListElement":[{"@type":"ListItem","position":1,"name":"Accueil","item":"https:\/\/www.beitalhikma.tn\/fr\/"},{"@type":"ListItem","position":2,"name":"Comm\u00e9moration du 40 \u00e8me jour de la regrett\u00e9e Mounira Chapoutot-Remadi 29-11-2023"}]},{"@type":"WebSite","@id":"https:\/\/www.beitalhikma.tn\/#website","url":"https:\/\/www.beitalhikma.tn\/","name":"Beit al-Hikma","description":"L&#039;Acad\u00e9mie Tunisienne des Sciences, des Lettres  et des Arts","publisher":{"@id":"https:\/\/www.beitalhikma.tn\/#organization"},"potentialAction":[{"@type":"SearchAction","target":{"@type":"EntryPoint","urlTemplate":"https:\/\/www.beitalhikma.tn\/?s={search_term_string}"},"query-input":{"@type":"PropertyValueSpecification","valueRequired":true,"valueName":"search_term_string"}}],"inLanguage":"fr-FR"},{"@type":"Organization","@id":"https:\/\/www.beitalhikma.tn\/#organization","name":"Beit Al Hikma","url":"https:\/\/www.beitalhikma.tn\/","logo":{"@type":"ImageObject","inLanguage":"fr-FR","@id":"https:\/\/www.beitalhikma.tn\/#\/schema\/logo\/image\/","url":"https:\/\/www.beitalhikma.tn\/wp-content\/uploads\/2014\/11\/logo.png","contentUrl":"https:\/\/www.beitalhikma.tn\/wp-content\/uploads\/2014\/11\/logo.png","width":288,"height":109,"caption":"Beit Al Hikma"},"image":{"@id":"https:\/\/www.beitalhikma.tn\/#\/schema\/logo\/image\/"},"sameAs":["https:\/\/www.facebook.com\/BeitalhikmaTunisie\/","https:\/\/x.com\/Beit_alhikma_TN","https:\/\/www.youtube.com\/channel\/UCl8EfDXqt5MFfcEY0UYhevg"]},{"@type":"Person","@id":"https:\/\/www.beitalhikma.tn\/#\/schema\/person\/d51263ac3110f1f902e74859a0b4d0ab","name":"admin","url":"https:\/\/www.beitalhikma.tn\/fr\/author\/admin\/"}]}},"uagb_featured_image_src":{"full":["https:\/\/www.beitalhikma.tn\/wp-content\/uploads\/2023\/11\/DSC_3388-scaled.jpg",2560,1537,false],"thumbnail":["https:\/\/www.beitalhikma.tn\/wp-content\/uploads\/2023\/11\/DSC_3388-250x300.jpg",250,300,true],"medium":["https:\/\/www.beitalhikma.tn\/wp-content\/uploads\/2023\/11\/DSC_3388-300x180.jpg",300,180,true],"medium_large":["https:\/\/www.beitalhikma.tn\/wp-content\/uploads\/2023\/11\/DSC_3388-768x461.jpg",768,461,true],"large":["https:\/\/www.beitalhikma.tn\/wp-content\/uploads\/2023\/11\/DSC_3388-1024x615.jpg",1024,615,true],"thumblist":["https:\/\/www.beitalhikma.tn\/wp-content\/uploads\/2023\/11\/DSC_3388-300x300.jpg",300,300,true],"meccarouselthumb":["https:\/\/www.beitalhikma.tn\/wp-content\/uploads\/2023\/11\/DSC_3388-474x324.jpg",474,324,true],"gridsquare":["https:\/\/www.beitalhikma.tn\/wp-content\/uploads\/2023\/11\/DSC_3388-391x260.jpg",391,260,true],"tileview":["https:\/\/www.beitalhikma.tn\/wp-content\/uploads\/2023\/11\/DSC_3388-300x400.jpg",300,400,true],"1536x1536":["https:\/\/www.beitalhikma.tn\/wp-content\/uploads\/2023\/11\/DSC_3388-1536x922.jpg",1536,922,true],"2048x2048":["https:\/\/www.beitalhikma.tn\/wp-content\/uploads\/2023\/11\/DSC_3388-2048x1230.jpg",2048,1230,true],"post-thumbnail":["https:\/\/www.beitalhikma.tn\/wp-content\/uploads\/2023\/11\/DSC_3388-243x146.jpg",243,146,true],"50x50":["https:\/\/www.beitalhikma.tn\/wp-content\/uploads\/2023\/11\/DSC_3388-50x30.jpg",50,30,true],"portfolio-list":["https:\/\/www.beitalhikma.tn\/wp-content\/uploads\/2023\/11\/DSC_3388-600x400.jpg",600,400,true],"portfolio-fs":["https:\/\/www.beitalhikma.tn\/wp-content\/uploads\/2023\/11\/DSC_3388-815x543.jpg",815,543,true],"portfolio-slider":["https:\/\/www.beitalhikma.tn\/wp-content\/uploads\/2023\/11\/DSC_3388-380x380.jpg",380,380,true],"blog":["https:\/\/www.beitalhikma.tn\/wp-content\/uploads\/2023\/11\/DSC_3388-564x341.jpg",564,341,true],"blog-single":["https:\/\/www.beitalhikma.tn\/wp-content\/uploads\/2023\/11\/DSC_3388-1176x445.jpg",1176,445,true],"blog-item":["https:\/\/www.beitalhikma.tn\/wp-content\/uploads\/2023\/11\/DSC_3388-504x224.jpg",504,224,true],"blog-widget":["https:\/\/www.beitalhikma.tn\/wp-content\/uploads\/2023\/11\/DSC_3388-80x60.jpg",80,60,true],"features":["https:\/\/www.beitalhikma.tn\/wp-content\/uploads\/2023\/11\/DSC_3388-90x90.jpg",90,90,true],"clients-slider":["https:\/\/www.beitalhikma.tn\/wp-content\/uploads\/2023\/11\/DSC_3388-133x80.jpg",133,80,true],"offer-slider":["https:\/\/www.beitalhikma.tn\/wp-content\/uploads\/2023\/11\/DSC_3388-776x438.jpg",776,438,true],"offer-slider-pg":["https:\/\/www.beitalhikma.tn\/wp-content\/uploads\/2023\/11\/DSC_3388-42x42.jpg",42,42,true],"woocommerce_thumbnail":["https:\/\/www.beitalhikma.tn\/wp-content\/uploads\/2023\/11\/DSC_3388-250x300.jpg",250,300,true],"woocommerce_single":["https:\/\/www.beitalhikma.tn\/wp-content\/uploads\/2023\/11\/DSC_3388-250x150.jpg",250,150,true],"woocommerce_gallery_thumbnail":["https:\/\/www.beitalhikma.tn\/wp-content\/uploads\/2023\/11\/DSC_3388-100x100.jpg",100,100,true]},"uagb_author_info":{"display_name":"admin","author_link":"https:\/\/www.beitalhikma.tn\/fr\/author\/admin\/"},"uagb_comment_info":0,"uagb_excerpt":"L\u2019Acad\u00e9mie tunisienne des sciences, des lettres et des arts, \u00ab Beit al-Hikma \u00bb a organis\u00e9, le mercredi 29 novembre 2023, la comm\u00e9moration du 40\u00e8me jour de [&hellip;]","_links":{"self":[{"href":"https:\/\/www.beitalhikma.tn\/fr\/wp-json\/wp\/v2\/posts\/107872","targetHints":{"allow":["GET"]}}],"collection":[{"href":"https:\/\/www.beitalhikma.tn\/fr\/wp-json\/wp\/v2\/posts"}],"about":[{"href":"https:\/\/www.beitalhikma.tn\/fr\/wp-json\/wp\/v2\/types\/post"}],"author":[{"embeddable":true,"href":"https:\/\/www.beitalhikma.tn\/fr\/wp-json\/wp\/v2\/users\/1"}],"replies":[{"embeddable":true,"href":"https:\/\/www.beitalhikma.tn\/fr\/wp-json\/wp\/v2\/comments?post=107872"}],"version-history":[{"count":0,"href":"https:\/\/www.beitalhikma.tn\/fr\/wp-json\/wp\/v2\/posts\/107872\/revisions"}],"wp:featuredmedia":[{"embeddable":true,"href":"https:\/\/www.beitalhikma.tn\/fr\/wp-json\/wp\/v2\/media\/108169"}],"wp:attachment":[{"href":"https:\/\/www.beitalhikma.tn\/fr\/wp-json\/wp\/v2\/media?parent=107872"}],"wp:term":[{"taxonomy":"category","embeddable":true,"href":"https:\/\/www.beitalhikma.tn\/fr\/wp-json\/wp\/v2\/categories?post=107872"},{"taxonomy":"post_tag","embeddable":true,"href":"https:\/\/www.beitalhikma.tn\/fr\/wp-json\/wp\/v2\/tags?post=107872"}],"curies":[{"name":"wp","href":"https:\/\/api.w.org\/{rel}","templated":true}]}}