{"id":116039,"date":"2024-11-01T12:08:17","date_gmt":"2024-11-01T11:08:17","guid":{"rendered":"https:\/\/www.beitalhikma.tn\/?p=116039"},"modified":"2024-11-14T14:21:25","modified_gmt":"2024-11-14T13:21:25","slug":"conference-inaugurale-de-lannee-academique-2024-2025-le-samedi-09-novembre-2024-a-10h00-au-palais-de-lacademie","status":"publish","type":"post","link":"https:\/\/www.beitalhikma.tn\/fr\/conference-inaugurale-de-lannee-academique-2024-2025-le-samedi-09-novembre-2024-a-10h00-au-palais-de-lacademie\/","title":{"rendered":"Conf\u00e9rence inaugurale de l\u2019ann\u00e9e acad\u00e9mique 2024-2025 le samedi 09 novembre 2024"},"content":{"rendered":"\n<p class=\"has-background\" style=\"background-color:#d5e2ec;font-size:21px\">L\u2019Acad\u00e9mie tunisienne des sciences, des lettres et des arts, \u00ab Be\u00eft al-Hikma \u00bb a organis\u00e9, le 09 novembre 2024, sa conf\u00e9rence inaugurale de l\u2019ann\u00e9e acad\u00e9mique 2024 \u2013 2025.<br>Pr\u00e9sent\u00e9e par le membre de l\u2019Acad\u00e9mie Pr Moncef Ben Abdeljelil, Professeur d\u2019Histoire de la pens\u00e9e islamique ancienne, la conf\u00e9rence a pos\u00e9 de nouveau la probl\u00e9matique des d\u00e9buts de la po\u00e9sie arabe, \u00e0 la lumi\u00e8re de deux inscriptions y\u00e9m\u00e9nites anciennes, \u00ab Unsh\u00fbda il\u00e2- Kahl \u00bb, ou le Po\u00e8me du Temple de Bilq\u00ees et le \u00ab Tarn\u00eemat al-Shams \u00bb ou le \u00ab Po\u00e8me Himyarite \u00bb, Hymne au Soleil.<br>Dans une premi\u00e8re partie, le conf\u00e9rencier a pr\u00e9sent\u00e9 les deux inscriptions ainsi que leurs structures po\u00e9tiques. La deuxi\u00e8me partie a pass\u00e9 en revue les interpr\u00e9tations des historiens arch\u00e9ologues des deux textes.<br>Les premiers po\u00e8mes arabes de l\u2019\u00e9poque pr\u00e9islamique ont, souvent, \u00e9t\u00e9 inspir\u00e9s par des \u00e9l\u00e9ments visuels et culturels de leur environnement, y compris les inscriptions et les repr\u00e9sentations artistiques du Y\u00e9men antique. Des civilisations comme celles de Saba, Qataban et Himyar ont produit des bas-reliefs et des monuments qui t\u00e9moignent de leur histoire et de leur culture riche en symbolisme. Et les po\u00e8tes y\u00e9m\u00e9nites ont \u00e9t\u00e9 influenc\u00e9s par ces \u0153uvres. Les sites comme Ma\u2019rib, la capitale du royaume de Saba, contiennent encore aujourd\u2019hui des sculptures dont les inscriptions ont inspir\u00e9 l\u2019imaginaire po\u00e9tique.<br>Dans la troisi\u00e8me et derni\u00e8re partie, Pr Moncef Ben Abdeljelil a propos\u00e9 quelques conclusions portant sur les d\u00e9buts de la po\u00e9sie arabe et son rapport \u00e0 la religion. Il a, par ailleurs, appel\u00e9 \u00e0 approfondir l\u2019\u00e9tude de l\u2019influence de la civilisation sud-arabique sur le Coran.<br>L\u2019\u00e9v\u00e9nement s\u2019est tenu au Palais de l\u2019Acad\u00e9mie, sis \u00e0 Carthage-Hannibal.<\/p>\n\n\n<div class=\"wp-block-image\">\n<figure class=\"aligncenter size-large\"><img loading=\"lazy\" decoding=\"async\" width=\"724\" height=\"1024\" src=\"https:\/\/www.beitalhikma.tn\/wp-content\/uploads\/2024\/11\/AFFICHE-9-novembre-1-724x1024.jpg\" alt=\"\" class=\"wp-image-116040\" srcset=\"https:\/\/www.beitalhikma.tn\/wp-content\/uploads\/2024\/11\/AFFICHE-9-novembre-1-724x1024.jpg 724w, https:\/\/www.beitalhikma.tn\/wp-content\/uploads\/2024\/11\/AFFICHE-9-novembre-1-212x300.jpg 212w, https:\/\/www.beitalhikma.tn\/wp-content\/uploads\/2024\/11\/AFFICHE-9-novembre-1-768x1086.jpg 768w, https:\/\/www.beitalhikma.tn\/wp-content\/uploads\/2024\/11\/AFFICHE-9-novembre-1-1086x1536.jpg 1086w, https:\/\/www.beitalhikma.tn\/wp-content\/uploads\/2024\/11\/AFFICHE-9-novembre-1-1448x2048.jpg 1448w, https:\/\/www.beitalhikma.tn\/wp-content\/uploads\/2024\/11\/AFFICHE-9-novembre-1-103x146.jpg 103w, https:\/\/www.beitalhikma.tn\/wp-content\/uploads\/2024\/11\/AFFICHE-9-novembre-1-35x50.jpg 35w, https:\/\/www.beitalhikma.tn\/wp-content\/uploads\/2024\/11\/AFFICHE-9-novembre-1-57x80.jpg 57w, https:\/\/www.beitalhikma.tn\/wp-content\/uploads\/2024\/11\/AFFICHE-9-novembre-1-250x354.jpg 250w, https:\/\/www.beitalhikma.tn\/wp-content\/uploads\/2024\/11\/AFFICHE-9-novembre-1-scaled.jpg 1810w\" sizes=\"auto, (max-width: 724px) 100vw, 724px\" \/><\/figure><\/div>\n\n\n<p class=\"has-background has-medium-font-size\" style=\"background-color:#d5e2ec\">Abstract :<br>La conf\u00e9rence pose de nouveau la probl\u00e9matique des d\u00e9buts de la po\u00e9sie arabe \u00e0 la lumi\u00e8re de deux inscriptions y\u00e9m\u00e9nites anciennes, \u00ab Unsh\u00fbda il\u00e2- Kahl \u00bb, ou le Po\u00e8me du Temple de Bilq\u00ees et le \u00ab Tarn\u00eemat al-Shams \u00bb ou le \u00ab Po\u00e8me Himyarite \u00bb, Hymne au Soleil. Dans une premi\u00e8re partie, la conf\u00e9rence pr\u00e9sente les deux inscriptions ainsi que leurs structures po\u00e9tiques. La deuxi\u00e8me partie passe en revue les interpr\u00e9tations des historiens arch\u00e9ologues des deux textes, alors que la troisi\u00e8me propose quelques conclusions portant sur les d\u00e9buts de la po\u00e9sie arabe (?), son rapport \u00e0 la religion et l\u2019appel d\u2019un groupe d\u2019historiens contemporains \u00e0 consid\u00e9rer l\u2019influence de la civilisation sud-arabique sur le Coran.<\/p>\n\n\n<div class=\"wp-block-image\">\n<figure class=\"aligncenter size-large\"><img loading=\"lazy\" decoding=\"async\" width=\"1024\" height=\"523\" src=\"https:\/\/www.beitalhikma.tn\/wp-content\/uploads\/2024\/11\/invitation-9-novembre-2-2-1024x523.jpg\" alt=\"\" class=\"wp-image-116043\" srcset=\"https:\/\/www.beitalhikma.tn\/wp-content\/uploads\/2024\/11\/invitation-9-novembre-2-2-1024x523.jpg 1024w, https:\/\/www.beitalhikma.tn\/wp-content\/uploads\/2024\/11\/invitation-9-novembre-2-2-300x153.jpg 300w, https:\/\/www.beitalhikma.tn\/wp-content\/uploads\/2024\/11\/invitation-9-novembre-2-2-768x392.jpg 768w, https:\/\/www.beitalhikma.tn\/wp-content\/uploads\/2024\/11\/invitation-9-novembre-2-2-1536x784.jpg 1536w, https:\/\/www.beitalhikma.tn\/wp-content\/uploads\/2024\/11\/invitation-9-novembre-2-2-2048x1046.jpg 2048w, https:\/\/www.beitalhikma.tn\/wp-content\/uploads\/2024\/11\/invitation-9-novembre-2-2-260x133.jpg 260w, https:\/\/www.beitalhikma.tn\/wp-content\/uploads\/2024\/11\/invitation-9-novembre-2-2-50x26.jpg 50w, https:\/\/www.beitalhikma.tn\/wp-content\/uploads\/2024\/11\/invitation-9-novembre-2-2-155x80.jpg 155w, https:\/\/www.beitalhikma.tn\/wp-content\/uploads\/2024\/11\/invitation-9-novembre-2-2-250x128.jpg 250w\" sizes=\"auto, (max-width: 1024px) 100vw, 1024px\" \/><\/figure><\/div>\n\n\n<p class=\"has-text-align-center has-text-color has-background has-link-color wp-elements-a5f1835202243ca9c0c4a1092484b43f\" style=\"color:#fed082;background-color:#6f96a7;font-size:23px\"><strong>Revue de presse  <\/strong><\/p>\n\n\n\n<p class=\"has-text-align-center\" style=\"font-size:22px\"><strong><a href=\"https:\/\/kapitalis.com\/tunisie\/2024\/11\/11\/conference-a-beit-al-hikma-aux-sources-de-la-poesie-preislamique\/?fbclid=IwZXh0bgNhZW0CMTAAAR2WQjoH-Nk0Q5Dytk1ajCYCV3Z1oK11GF5xfqWEK1ErP-Aqx_1VEqfUzk0_aem_x6UwO0IsKGaYoEKakZcaKg\">Kapitalis 11-11-2024<\/a><\/strong><\/p>\n\n\n<div class=\"wp-block-image\">\n<figure class=\"aligncenter size-full\"><img loading=\"lazy\" decoding=\"async\" width=\"495\" height=\"801\" src=\"https:\/\/www.beitalhikma.tn\/wp-content\/uploads\/2024\/11\/Kapitalis-11-11-2024-1.png\" alt=\"\" class=\"wp-image-116485\" srcset=\"https:\/\/www.beitalhikma.tn\/wp-content\/uploads\/2024\/11\/Kapitalis-11-11-2024-1.png 495w, https:\/\/www.beitalhikma.tn\/wp-content\/uploads\/2024\/11\/Kapitalis-11-11-2024-1-185x300.png 185w, https:\/\/www.beitalhikma.tn\/wp-content\/uploads\/2024\/11\/Kapitalis-11-11-2024-1-90x146.png 90w, https:\/\/www.beitalhikma.tn\/wp-content\/uploads\/2024\/11\/Kapitalis-11-11-2024-1-31x50.png 31w, https:\/\/www.beitalhikma.tn\/wp-content\/uploads\/2024\/11\/Kapitalis-11-11-2024-1-49x80.png 49w, https:\/\/www.beitalhikma.tn\/wp-content\/uploads\/2024\/11\/Kapitalis-11-11-2024-1-250x405.png 250w\" sizes=\"auto, (max-width: 495px) 100vw, 495px\" \/><\/figure><\/div>\n\n\n<p class=\"has-text-align-center has-medium-font-size\"><strong>\u062c\u0631\u064a\u062f\u0629 \u0627\u0644\u0634\u0639\u0628 \u0639\u062f\u062f 1822- \u0627\u0644\u062e\u0645\u064a\u0633 07-11-2024<\/strong><\/p>\n\n\n<div class=\"wp-block-image\">\n<figure class=\"aligncenter size-large\"><img loading=\"lazy\" decoding=\"async\" width=\"754\" height=\"1024\" src=\"https:\/\/www.beitalhikma.tn\/wp-content\/uploads\/2024\/11\/\u062c\u0631\u064a\u062f\u0629-\u0627\u0644\u0634\u0639\u0628-\u0639\u062f\u062f-1822-07-11-2024-754x1024.jpg\" alt=\"\" class=\"wp-image-116232\" srcset=\"https:\/\/www.beitalhikma.tn\/wp-content\/uploads\/2024\/11\/\u062c\u0631\u064a\u062f\u0629-\u0627\u0644\u0634\u0639\u0628-\u0639\u062f\u062f-1822-07-11-2024-754x1024.jpg 754w, https:\/\/www.beitalhikma.tn\/wp-content\/uploads\/2024\/11\/\u062c\u0631\u064a\u062f\u0629-\u0627\u0644\u0634\u0639\u0628-\u0639\u062f\u062f-1822-07-11-2024-221x300.jpg 221w, https:\/\/www.beitalhikma.tn\/wp-content\/uploads\/2024\/11\/\u062c\u0631\u064a\u062f\u0629-\u0627\u0644\u0634\u0639\u0628-\u0639\u062f\u062f-1822-07-11-2024-768x1042.jpg 768w, https:\/\/www.beitalhikma.tn\/wp-content\/uploads\/2024\/11\/\u062c\u0631\u064a\u062f\u0629-\u0627\u0644\u0634\u0639\u0628-\u0639\u062f\u062f-1822-07-11-2024-108x146.jpg 108w, https:\/\/www.beitalhikma.tn\/wp-content\/uploads\/2024\/11\/\u062c\u0631\u064a\u062f\u0629-\u0627\u0644\u0634\u0639\u0628-\u0639\u062f\u062f-1822-07-11-2024-37x50.jpg 37w, https:\/\/www.beitalhikma.tn\/wp-content\/uploads\/2024\/11\/\u062c\u0631\u064a\u062f\u0629-\u0627\u0644\u0634\u0639\u0628-\u0639\u062f\u062f-1822-07-11-2024-59x80.jpg 59w, https:\/\/www.beitalhikma.tn\/wp-content\/uploads\/2024\/11\/\u062c\u0631\u064a\u062f\u0629-\u0627\u0644\u0634\u0639\u0628-\u0639\u062f\u062f-1822-07-11-2024-250x339.jpg 250w, https:\/\/www.beitalhikma.tn\/wp-content\/uploads\/2024\/11\/\u062c\u0631\u064a\u062f\u0629-\u0627\u0644\u0634\u0639\u0628-\u0639\u062f\u062f-1822-07-11-2024.jpg 837w\" sizes=\"auto, (max-width: 754px) 100vw, 754px\" \/><\/figure><\/div>\n\n\n<p class=\"has-text-align-center\" style=\"font-size:23px\"><strong>\u062c\u0631\u064a\u062f\u0629 \u0627\u0644\u0635\u0628\u0627\u062d &#8211; \u0627\u0644\u0639\u062f\u062f 24102 \u0627\u0644\u0633\u0646\u0629 74- 05-11-2024<\/strong><\/p>\n\n\n<div class=\"wp-block-image\">\n<figure class=\"aligncenter size-full\"><img loading=\"lazy\" decoding=\"async\" width=\"486\" height=\"419\" src=\"https:\/\/www.beitalhikma.tn\/wp-content\/uploads\/2024\/11\/\u0627\u0644\u0635\u0628\u0627\u062d-05-11-2024-\u0627\u0644\u0639\u062f\u062f-24102-\u0627\u0644\u0633\u0646\u0629-74.png\" alt=\"\" class=\"wp-image-116074\" srcset=\"https:\/\/www.beitalhikma.tn\/wp-content\/uploads\/2024\/11\/\u0627\u0644\u0635\u0628\u0627\u062d-05-11-2024-\u0627\u0644\u0639\u062f\u062f-24102-\u0627\u0644\u0633\u0646\u0629-74.png 486w, https:\/\/www.beitalhikma.tn\/wp-content\/uploads\/2024\/11\/\u0627\u0644\u0635\u0628\u0627\u062d-05-11-2024-\u0627\u0644\u0639\u062f\u062f-24102-\u0627\u0644\u0633\u0646\u0629-74-300x259.png 300w, https:\/\/www.beitalhikma.tn\/wp-content\/uploads\/2024\/11\/\u0627\u0644\u0635\u0628\u0627\u062d-05-11-2024-\u0627\u0644\u0639\u062f\u062f-24102-\u0627\u0644\u0633\u0646\u0629-74-169x146.png 169w, https:\/\/www.beitalhikma.tn\/wp-content\/uploads\/2024\/11\/\u0627\u0644\u0635\u0628\u0627\u062d-05-11-2024-\u0627\u0644\u0639\u062f\u062f-24102-\u0627\u0644\u0633\u0646\u0629-74-50x43.png 50w, https:\/\/www.beitalhikma.tn\/wp-content\/uploads\/2024\/11\/\u0627\u0644\u0635\u0628\u0627\u062d-05-11-2024-\u0627\u0644\u0639\u062f\u062f-24102-\u0627\u0644\u0633\u0646\u0629-74-93x80.png 93w, https:\/\/www.beitalhikma.tn\/wp-content\/uploads\/2024\/11\/\u0627\u0644\u0635\u0628\u0627\u062d-05-11-2024-\u0627\u0644\u0639\u062f\u062f-24102-\u0627\u0644\u0633\u0646\u0629-74-250x216.png 250w\" sizes=\"auto, (max-width: 486px) 100vw, 486px\" \/><\/figure><\/div>\n\n\n<p class=\"has-text-align-center\" style=\"font-size:23px\"><strong><a href=\"https:\/\/www.lequotidien.com.tn\/fr\/culture\/5588-l-academie-tunisienne-des-sciences-des-lettres-et-des-arts-la-conference-inaugurale-aux-rythmes-de-la-poesie\">Le Quotidien 04-11-2024<\/a><\/strong><\/p>\n\n\n<div class=\"wp-block-image\">\n<figure class=\"aligncenter size-full\"><img loading=\"lazy\" decoding=\"async\" width=\"969\" height=\"953\" src=\"https:\/\/www.beitalhikma.tn\/wp-content\/uploads\/2024\/11\/Le-Quotidien-04-11-2024.png\" alt=\"\" class=\"wp-image-116077\" srcset=\"https:\/\/www.beitalhikma.tn\/wp-content\/uploads\/2024\/11\/Le-Quotidien-04-11-2024.png 969w, https:\/\/www.beitalhikma.tn\/wp-content\/uploads\/2024\/11\/Le-Quotidien-04-11-2024-300x295.png 300w, https:\/\/www.beitalhikma.tn\/wp-content\/uploads\/2024\/11\/Le-Quotidien-04-11-2024-768x755.png 768w, https:\/\/www.beitalhikma.tn\/wp-content\/uploads\/2024\/11\/Le-Quotidien-04-11-2024-148x146.png 148w, https:\/\/www.beitalhikma.tn\/wp-content\/uploads\/2024\/11\/Le-Quotidien-04-11-2024-50x50.png 50w, https:\/\/www.beitalhikma.tn\/wp-content\/uploads\/2024\/11\/Le-Quotidien-04-11-2024-90x90.png 90w, https:\/\/www.beitalhikma.tn\/wp-content\/uploads\/2024\/11\/Le-Quotidien-04-11-2024-81x80.png 81w, https:\/\/www.beitalhikma.tn\/wp-content\/uploads\/2024\/11\/Le-Quotidien-04-11-2024-42x42.png 42w, https:\/\/www.beitalhikma.tn\/wp-content\/uploads\/2024\/11\/Le-Quotidien-04-11-2024-250x246.png 250w\" sizes=\"auto, (max-width: 969px) 100vw, 969px\" \/><\/figure><\/div>\n\n\n<div class=\"wp-block-uagb-container uagb-block-7ee09930 alignfull uagb-is-root-container\"><div class=\"uagb-container-inner-blocks-wrap\">\n<div class=\"wp-block-uagb-container uagb-block-14bfd8b4\">\n<p class=\"has-text-align-center\" style=\"font-size:23px\"><a href=\"https:\/\/www.facebook.com\/BeitalhikmaTunisie\/posts\/988870973279870\"><strong>Phototh\u00e8que<\/strong><\/a><\/p>\n<\/div>\n\n\n\n<div class=\"wp-block-uagb-container uagb-block-d70e0c27\">\n<p class=\"has-text-align-center has-text-color\" style=\"color:#fed082;font-size:23px\"><a href=\"https:\/\/www.youtube.com\/watch?v=PtesCu09YwE\"><strong>Le Lien vers l&#8217;activit\u00e9<\/strong><\/a><\/p>\n<\/div>\n\n\n\n<div class=\"wp-block-uagb-container uagb-block-c39f5ad5\">\n<ul class=\"wp-block-social-links aligncenter has-huge-icon-size has-visible-labels has-icon-color is-style-logos-only is-content-justification-center is-layout-flex wp-container-core-social-links-is-layout-5590e8cb wp-block-social-links-is-layout-flex\"><li style=\"color: #fcb900; \" class=\"wp-social-link wp-social-link-youtube has-luminous-vivid-amber-color wp-block-social-link\"><a rel=\"noopener nofollow\" target=\"_blank\" href=\"https:\/\/www.youtube.com\/@lacademietunisiennebeital-6305\/videos\" class=\"wp-block-social-link-anchor\"><svg width=\"24\" height=\"24\" viewBox=\"0 0 24 24\" version=\"1.1\" xmlns=\"http:\/\/www.w3.org\/2000\/svg\" aria-hidden=\"true\" focusable=\"false\"><path d=\"M21.8,8.001c0,0-0.195-1.378-0.795-1.985c-0.76-0.797-1.613-0.801-2.004-0.847c-2.799-0.202-6.997-0.202-6.997-0.202 h-0.009c0,0-4.198,0-6.997,0.202C4.608,5.216,3.756,5.22,2.995,6.016C2.395,6.623,2.2,8.001,2.2,8.001S2,9.62,2,11.238v1.517 c0,1.618,0.2,3.237,0.2,3.237s0.195,1.378,0.795,1.985c0.761,0.797,1.76,0.771,2.205,0.855c1.6,0.153,6.8,0.201,6.8,0.201 s4.203-0.006,7.001-0.209c0.391-0.047,1.243-0.051,2.004-0.847c0.6-0.607,0.795-1.985,0.795-1.985s0.2-1.618,0.2-3.237v-1.517 C22,9.62,21.8,8.001,21.8,8.001z M9.935,14.594l-0.001-5.62l5.404,2.82L9.935,14.594z\"><\/path><\/svg><span class=\"wp-block-social-link-label\">YouTube<\/span><\/a><\/li><\/ul>\n<\/div>\n<\/div><\/div>\n","protected":false},"excerpt":{"rendered":"<p>L\u2019Acad\u00e9mie tunisienne des sciences, des lettres et des arts, \u00ab Be\u00eft al-Hikma \u00bb a organis\u00e9, le 09 novembre 2024, sa conf\u00e9rence inaugurale de l\u2019ann\u00e9e acad\u00e9mique 2024 [&hellip;]<\/p>\n","protected":false},"author":1,"featured_media":116419,"comment_status":"closed","ping_status":"closed","sticky":false,"template":"","format":"standard","meta":{"_uag_custom_page_level_css":"","footnotes":""},"categories":[3],"tags":[],"class_list":["post-116039","post","type-post","status-publish","format-standard","has-post-thumbnail","hentry","category-news-fr-fr"],"featured_image_src":"https:\/\/www.beitalhikma.tn\/wp-content\/uploads\/2024\/11\/Capturefin.jpg","author_info":{"display_name":"admin","author_link":"https:\/\/www.beitalhikma.tn\/fr\/author\/admin\/"},"yoast_head":"<!-- This site is optimized with the Yoast SEO plugin v27.5 - https:\/\/yoast.com\/product\/yoast-seo-wordpress\/ -->\n<title>Conf\u00e9rence inaugurale de l\u2019ann\u00e9e acad\u00e9mique 2024-2025 le samedi 09 novembre 2024 - Beit al-Hikma<\/title>\n<meta name=\"robots\" content=\"index, follow, max-snippet:-1, max-image-preview:large, max-video-preview:-1\" \/>\n<link rel=\"canonical\" href=\"https:\/\/www.beitalhikma.tn\/fr\/conference-inaugurale-de-lannee-academique-2024-2025-le-samedi-09-novembre-2024-a-10h00-au-palais-de-lacademie\/\" \/>\n<meta property=\"og:locale\" content=\"fr_FR\" \/>\n<meta property=\"og:type\" content=\"article\" \/>\n<meta property=\"og:title\" content=\"Conf\u00e9rence inaugurale de l\u2019ann\u00e9e acad\u00e9mique 2024-2025 le samedi 09 novembre 2024 - Beit al-Hikma\" \/>\n<meta property=\"og:description\" content=\"L\u2019Acad\u00e9mie tunisienne des sciences, des lettres et des arts, \u00ab Be\u00eft al-Hikma \u00bb a organis\u00e9, le 09 novembre 2024, sa conf\u00e9rence inaugurale de l\u2019ann\u00e9e acad\u00e9mique 2024 [&hellip;]\" \/>\n<meta property=\"og:url\" content=\"https:\/\/www.beitalhikma.tn\/fr\/conference-inaugurale-de-lannee-academique-2024-2025-le-samedi-09-novembre-2024-a-10h00-au-palais-de-lacademie\/\" \/>\n<meta property=\"og:site_name\" content=\"Beit al-Hikma\" \/>\n<meta property=\"article:publisher\" content=\"https:\/\/www.facebook.com\/BeitalhikmaTunisie\/\" \/>\n<meta property=\"article:published_time\" content=\"2024-11-01T11:08:17+00:00\" \/>\n<meta property=\"article:modified_time\" content=\"2024-11-14T13:21:25+00:00\" \/>\n<meta property=\"og:image\" content=\"https:\/\/www.beitalhikma.tn\/wp-content\/uploads\/2024\/11\/Capturefin.jpg\" \/>\n\t<meta property=\"og:image:width\" content=\"427\" \/>\n\t<meta property=\"og:image:height\" content=\"205\" \/>\n\t<meta property=\"og:image:type\" content=\"image\/jpeg\" \/>\n<meta name=\"author\" content=\"admin\" \/>\n<meta name=\"twitter:card\" content=\"summary_large_image\" \/>\n<meta name=\"twitter:creator\" content=\"@Beit_alhikma_TN\" \/>\n<meta name=\"twitter:site\" content=\"@Beit_alhikma_TN\" \/>\n<meta name=\"twitter:label1\" content=\"\u00c9crit par\" \/>\n\t<meta name=\"twitter:data1\" content=\"admin\" \/>\n\t<meta name=\"twitter:label2\" content=\"Dur\u00e9e de lecture estim\u00e9e\" \/>\n\t<meta name=\"twitter:data2\" content=\"4 minutes\" \/>\n<script type=\"application\/ld+json\" class=\"yoast-schema-graph\">{\"@context\":\"https:\\\/\\\/schema.org\",\"@graph\":[{\"@type\":\"Article\",\"@id\":\"https:\\\/\\\/www.beitalhikma.tn\\\/fr\\\/conference-inaugurale-de-lannee-academique-2024-2025-le-samedi-09-novembre-2024-a-10h00-au-palais-de-lacademie\\\/#article\",\"isPartOf\":{\"@id\":\"https:\\\/\\\/www.beitalhikma.tn\\\/fr\\\/conference-inaugurale-de-lannee-academique-2024-2025-le-samedi-09-novembre-2024-a-10h00-au-palais-de-lacademie\\\/\"},\"author\":{\"name\":\"admin\",\"@id\":\"https:\\\/\\\/www.beitalhikma.tn\\\/#\\\/schema\\\/person\\\/d51263ac3110f1f902e74859a0b4d0ab\"},\"headline\":\"Conf\u00e9rence inaugurale de l\u2019ann\u00e9e acad\u00e9mique 2024-2025 le samedi 09 novembre 2024\",\"datePublished\":\"2024-11-01T11:08:17+00:00\",\"dateModified\":\"2024-11-14T13:21:25+00:00\",\"mainEntityOfPage\":{\"@id\":\"https:\\\/\\\/www.beitalhikma.tn\\\/fr\\\/conference-inaugurale-de-lannee-academique-2024-2025-le-samedi-09-novembre-2024-a-10h00-au-palais-de-lacademie\\\/\"},\"wordCount\":483,\"publisher\":{\"@id\":\"https:\\\/\\\/www.beitalhikma.tn\\\/#organization\"},\"image\":{\"@id\":\"https:\\\/\\\/www.beitalhikma.tn\\\/fr\\\/conference-inaugurale-de-lannee-academique-2024-2025-le-samedi-09-novembre-2024-a-10h00-au-palais-de-lacademie\\\/#primaryimage\"},\"thumbnailUrl\":\"https:\\\/\\\/www.beitalhikma.tn\\\/wp-content\\\/uploads\\\/2024\\\/11\\\/Capturefin.jpg\",\"articleSection\":[\"Les activit\u00e9s\"],\"inLanguage\":\"fr-FR\"},{\"@type\":\"WebPage\",\"@id\":\"https:\\\/\\\/www.beitalhikma.tn\\\/fr\\\/conference-inaugurale-de-lannee-academique-2024-2025-le-samedi-09-novembre-2024-a-10h00-au-palais-de-lacademie\\\/\",\"url\":\"https:\\\/\\\/www.beitalhikma.tn\\\/fr\\\/conference-inaugurale-de-lannee-academique-2024-2025-le-samedi-09-novembre-2024-a-10h00-au-palais-de-lacademie\\\/\",\"name\":\"Conf\u00e9rence inaugurale de l\u2019ann\u00e9e acad\u00e9mique 2024-2025 le samedi 09 novembre 2024 - Beit al-Hikma\",\"isPartOf\":{\"@id\":\"https:\\\/\\\/www.beitalhikma.tn\\\/#website\"},\"primaryImageOfPage\":{\"@id\":\"https:\\\/\\\/www.beitalhikma.tn\\\/fr\\\/conference-inaugurale-de-lannee-academique-2024-2025-le-samedi-09-novembre-2024-a-10h00-au-palais-de-lacademie\\\/#primaryimage\"},\"image\":{\"@id\":\"https:\\\/\\\/www.beitalhikma.tn\\\/fr\\\/conference-inaugurale-de-lannee-academique-2024-2025-le-samedi-09-novembre-2024-a-10h00-au-palais-de-lacademie\\\/#primaryimage\"},\"thumbnailUrl\":\"https:\\\/\\\/www.beitalhikma.tn\\\/wp-content\\\/uploads\\\/2024\\\/11\\\/Capturefin.jpg\",\"datePublished\":\"2024-11-01T11:08:17+00:00\",\"dateModified\":\"2024-11-14T13:21:25+00:00\",\"breadcrumb\":{\"@id\":\"https:\\\/\\\/www.beitalhikma.tn\\\/fr\\\/conference-inaugurale-de-lannee-academique-2024-2025-le-samedi-09-novembre-2024-a-10h00-au-palais-de-lacademie\\\/#breadcrumb\"},\"inLanguage\":\"fr-FR\",\"potentialAction\":[{\"@type\":\"ReadAction\",\"target\":[\"https:\\\/\\\/www.beitalhikma.tn\\\/fr\\\/conference-inaugurale-de-lannee-academique-2024-2025-le-samedi-09-novembre-2024-a-10h00-au-palais-de-lacademie\\\/\"]}]},{\"@type\":\"ImageObject\",\"inLanguage\":\"fr-FR\",\"@id\":\"https:\\\/\\\/www.beitalhikma.tn\\\/fr\\\/conference-inaugurale-de-lannee-academique-2024-2025-le-samedi-09-novembre-2024-a-10h00-au-palais-de-lacademie\\\/#primaryimage\",\"url\":\"https:\\\/\\\/www.beitalhikma.tn\\\/wp-content\\\/uploads\\\/2024\\\/11\\\/Capturefin.jpg\",\"contentUrl\":\"https:\\\/\\\/www.beitalhikma.tn\\\/wp-content\\\/uploads\\\/2024\\\/11\\\/Capturefin.jpg\",\"width\":427,\"height\":205},{\"@type\":\"BreadcrumbList\",\"@id\":\"https:\\\/\\\/www.beitalhikma.tn\\\/fr\\\/conference-inaugurale-de-lannee-academique-2024-2025-le-samedi-09-novembre-2024-a-10h00-au-palais-de-lacademie\\\/#breadcrumb\",\"itemListElement\":[{\"@type\":\"ListItem\",\"position\":1,\"name\":\"Accueil\",\"item\":\"https:\\\/\\\/www.beitalhikma.tn\\\/fr\\\/\"},{\"@type\":\"ListItem\",\"position\":2,\"name\":\"Conf\u00e9rence inaugurale de l\u2019ann\u00e9e acad\u00e9mique 2024-2025 le samedi 09 novembre 2024\"}]},{\"@type\":\"WebSite\",\"@id\":\"https:\\\/\\\/www.beitalhikma.tn\\\/#website\",\"url\":\"https:\\\/\\\/www.beitalhikma.tn\\\/\",\"name\":\"Beit al-Hikma\",\"description\":\"L&#039;Acad\u00e9mie Tunisienne des Sciences, des Lettres  et des Arts\",\"publisher\":{\"@id\":\"https:\\\/\\\/www.beitalhikma.tn\\\/#organization\"},\"potentialAction\":[{\"@type\":\"SearchAction\",\"target\":{\"@type\":\"EntryPoint\",\"urlTemplate\":\"https:\\\/\\\/www.beitalhikma.tn\\\/?s={search_term_string}\"},\"query-input\":{\"@type\":\"PropertyValueSpecification\",\"valueRequired\":true,\"valueName\":\"search_term_string\"}}],\"inLanguage\":\"fr-FR\"},{\"@type\":\"Organization\",\"@id\":\"https:\\\/\\\/www.beitalhikma.tn\\\/#organization\",\"name\":\"Beit Al Hikma\",\"url\":\"https:\\\/\\\/www.beitalhikma.tn\\\/\",\"logo\":{\"@type\":\"ImageObject\",\"inLanguage\":\"fr-FR\",\"@id\":\"https:\\\/\\\/www.beitalhikma.tn\\\/#\\\/schema\\\/logo\\\/image\\\/\",\"url\":\"https:\\\/\\\/www.beitalhikma.tn\\\/wp-content\\\/uploads\\\/2014\\\/11\\\/logo.png\",\"contentUrl\":\"https:\\\/\\\/www.beitalhikma.tn\\\/wp-content\\\/uploads\\\/2014\\\/11\\\/logo.png\",\"width\":288,\"height\":109,\"caption\":\"Beit Al Hikma\"},\"image\":{\"@id\":\"https:\\\/\\\/www.beitalhikma.tn\\\/#\\\/schema\\\/logo\\\/image\\\/\"},\"sameAs\":[\"https:\\\/\\\/www.facebook.com\\\/BeitalhikmaTunisie\\\/\",\"https:\\\/\\\/x.com\\\/Beit_alhikma_TN\",\"https:\\\/\\\/www.youtube.com\\\/channel\\\/UCl8EfDXqt5MFfcEY0UYhevg\"]},{\"@type\":\"Person\",\"@id\":\"https:\\\/\\\/www.beitalhikma.tn\\\/#\\\/schema\\\/person\\\/d51263ac3110f1f902e74859a0b4d0ab\",\"name\":\"admin\",\"url\":\"https:\\\/\\\/www.beitalhikma.tn\\\/fr\\\/author\\\/admin\\\/\"}]}<\/script>\n<!-- \/ Yoast SEO plugin. -->","yoast_head_json":{"title":"Conf\u00e9rence inaugurale de l\u2019ann\u00e9e acad\u00e9mique 2024-2025 le samedi 09 novembre 2024 - Beit al-Hikma","robots":{"index":"index","follow":"follow","max-snippet":"max-snippet:-1","max-image-preview":"max-image-preview:large","max-video-preview":"max-video-preview:-1"},"canonical":"https:\/\/www.beitalhikma.tn\/fr\/conference-inaugurale-de-lannee-academique-2024-2025-le-samedi-09-novembre-2024-a-10h00-au-palais-de-lacademie\/","og_locale":"fr_FR","og_type":"article","og_title":"Conf\u00e9rence inaugurale de l\u2019ann\u00e9e acad\u00e9mique 2024-2025 le samedi 09 novembre 2024 - Beit al-Hikma","og_description":"L\u2019Acad\u00e9mie tunisienne des sciences, des lettres et des arts, \u00ab Be\u00eft al-Hikma \u00bb a organis\u00e9, le 09 novembre 2024, sa conf\u00e9rence inaugurale de l\u2019ann\u00e9e acad\u00e9mique 2024 [&hellip;]","og_url":"https:\/\/www.beitalhikma.tn\/fr\/conference-inaugurale-de-lannee-academique-2024-2025-le-samedi-09-novembre-2024-a-10h00-au-palais-de-lacademie\/","og_site_name":"Beit al-Hikma","article_publisher":"https:\/\/www.facebook.com\/BeitalhikmaTunisie\/","article_published_time":"2024-11-01T11:08:17+00:00","article_modified_time":"2024-11-14T13:21:25+00:00","og_image":[{"width":427,"height":205,"url":"https:\/\/www.beitalhikma.tn\/wp-content\/uploads\/2024\/11\/Capturefin.jpg","type":"image\/jpeg"}],"author":"admin","twitter_card":"summary_large_image","twitter_creator":"@Beit_alhikma_TN","twitter_site":"@Beit_alhikma_TN","twitter_misc":{"\u00c9crit par":"admin","Dur\u00e9e de lecture estim\u00e9e":"4 minutes"},"schema":{"@context":"https:\/\/schema.org","@graph":[{"@type":"Article","@id":"https:\/\/www.beitalhikma.tn\/fr\/conference-inaugurale-de-lannee-academique-2024-2025-le-samedi-09-novembre-2024-a-10h00-au-palais-de-lacademie\/#article","isPartOf":{"@id":"https:\/\/www.beitalhikma.tn\/fr\/conference-inaugurale-de-lannee-academique-2024-2025-le-samedi-09-novembre-2024-a-10h00-au-palais-de-lacademie\/"},"author":{"name":"admin","@id":"https:\/\/www.beitalhikma.tn\/#\/schema\/person\/d51263ac3110f1f902e74859a0b4d0ab"},"headline":"Conf\u00e9rence inaugurale de l\u2019ann\u00e9e acad\u00e9mique 2024-2025 le samedi 09 novembre 2024","datePublished":"2024-11-01T11:08:17+00:00","dateModified":"2024-11-14T13:21:25+00:00","mainEntityOfPage":{"@id":"https:\/\/www.beitalhikma.tn\/fr\/conference-inaugurale-de-lannee-academique-2024-2025-le-samedi-09-novembre-2024-a-10h00-au-palais-de-lacademie\/"},"wordCount":483,"publisher":{"@id":"https:\/\/www.beitalhikma.tn\/#organization"},"image":{"@id":"https:\/\/www.beitalhikma.tn\/fr\/conference-inaugurale-de-lannee-academique-2024-2025-le-samedi-09-novembre-2024-a-10h00-au-palais-de-lacademie\/#primaryimage"},"thumbnailUrl":"https:\/\/www.beitalhikma.tn\/wp-content\/uploads\/2024\/11\/Capturefin.jpg","articleSection":["Les activit\u00e9s"],"inLanguage":"fr-FR"},{"@type":"WebPage","@id":"https:\/\/www.beitalhikma.tn\/fr\/conference-inaugurale-de-lannee-academique-2024-2025-le-samedi-09-novembre-2024-a-10h00-au-palais-de-lacademie\/","url":"https:\/\/www.beitalhikma.tn\/fr\/conference-inaugurale-de-lannee-academique-2024-2025-le-samedi-09-novembre-2024-a-10h00-au-palais-de-lacademie\/","name":"Conf\u00e9rence inaugurale de l\u2019ann\u00e9e acad\u00e9mique 2024-2025 le samedi 09 novembre 2024 - Beit al-Hikma","isPartOf":{"@id":"https:\/\/www.beitalhikma.tn\/#website"},"primaryImageOfPage":{"@id":"https:\/\/www.beitalhikma.tn\/fr\/conference-inaugurale-de-lannee-academique-2024-2025-le-samedi-09-novembre-2024-a-10h00-au-palais-de-lacademie\/#primaryimage"},"image":{"@id":"https:\/\/www.beitalhikma.tn\/fr\/conference-inaugurale-de-lannee-academique-2024-2025-le-samedi-09-novembre-2024-a-10h00-au-palais-de-lacademie\/#primaryimage"},"thumbnailUrl":"https:\/\/www.beitalhikma.tn\/wp-content\/uploads\/2024\/11\/Capturefin.jpg","datePublished":"2024-11-01T11:08:17+00:00","dateModified":"2024-11-14T13:21:25+00:00","breadcrumb":{"@id":"https:\/\/www.beitalhikma.tn\/fr\/conference-inaugurale-de-lannee-academique-2024-2025-le-samedi-09-novembre-2024-a-10h00-au-palais-de-lacademie\/#breadcrumb"},"inLanguage":"fr-FR","potentialAction":[{"@type":"ReadAction","target":["https:\/\/www.beitalhikma.tn\/fr\/conference-inaugurale-de-lannee-academique-2024-2025-le-samedi-09-novembre-2024-a-10h00-au-palais-de-lacademie\/"]}]},{"@type":"ImageObject","inLanguage":"fr-FR","@id":"https:\/\/www.beitalhikma.tn\/fr\/conference-inaugurale-de-lannee-academique-2024-2025-le-samedi-09-novembre-2024-a-10h00-au-palais-de-lacademie\/#primaryimage","url":"https:\/\/www.beitalhikma.tn\/wp-content\/uploads\/2024\/11\/Capturefin.jpg","contentUrl":"https:\/\/www.beitalhikma.tn\/wp-content\/uploads\/2024\/11\/Capturefin.jpg","width":427,"height":205},{"@type":"BreadcrumbList","@id":"https:\/\/www.beitalhikma.tn\/fr\/conference-inaugurale-de-lannee-academique-2024-2025-le-samedi-09-novembre-2024-a-10h00-au-palais-de-lacademie\/#breadcrumb","itemListElement":[{"@type":"ListItem","position":1,"name":"Accueil","item":"https:\/\/www.beitalhikma.tn\/fr\/"},{"@type":"ListItem","position":2,"name":"Conf\u00e9rence inaugurale de l\u2019ann\u00e9e acad\u00e9mique 2024-2025 le samedi 09 novembre 2024"}]},{"@type":"WebSite","@id":"https:\/\/www.beitalhikma.tn\/#website","url":"https:\/\/www.beitalhikma.tn\/","name":"Beit al-Hikma","description":"L&#039;Acad\u00e9mie Tunisienne des Sciences, des Lettres  et des Arts","publisher":{"@id":"https:\/\/www.beitalhikma.tn\/#organization"},"potentialAction":[{"@type":"SearchAction","target":{"@type":"EntryPoint","urlTemplate":"https:\/\/www.beitalhikma.tn\/?s={search_term_string}"},"query-input":{"@type":"PropertyValueSpecification","valueRequired":true,"valueName":"search_term_string"}}],"inLanguage":"fr-FR"},{"@type":"Organization","@id":"https:\/\/www.beitalhikma.tn\/#organization","name":"Beit Al Hikma","url":"https:\/\/www.beitalhikma.tn\/","logo":{"@type":"ImageObject","inLanguage":"fr-FR","@id":"https:\/\/www.beitalhikma.tn\/#\/schema\/logo\/image\/","url":"https:\/\/www.beitalhikma.tn\/wp-content\/uploads\/2014\/11\/logo.png","contentUrl":"https:\/\/www.beitalhikma.tn\/wp-content\/uploads\/2014\/11\/logo.png","width":288,"height":109,"caption":"Beit Al Hikma"},"image":{"@id":"https:\/\/www.beitalhikma.tn\/#\/schema\/logo\/image\/"},"sameAs":["https:\/\/www.facebook.com\/BeitalhikmaTunisie\/","https:\/\/x.com\/Beit_alhikma_TN","https:\/\/www.youtube.com\/channel\/UCl8EfDXqt5MFfcEY0UYhevg"]},{"@type":"Person","@id":"https:\/\/www.beitalhikma.tn\/#\/schema\/person\/d51263ac3110f1f902e74859a0b4d0ab","name":"admin","url":"https:\/\/www.beitalhikma.tn\/fr\/author\/admin\/"}]}},"uagb_featured_image_src":{"full":["https:\/\/www.beitalhikma.tn\/wp-content\/uploads\/2024\/11\/Capturefin.jpg",427,205,false],"thumbnail":["https:\/\/www.beitalhikma.tn\/wp-content\/uploads\/2024\/11\/Capturefin-250x205.jpg",250,205,true],"medium":["https:\/\/www.beitalhikma.tn\/wp-content\/uploads\/2024\/11\/Capturefin-300x144.jpg",300,144,true],"medium_large":["https:\/\/www.beitalhikma.tn\/wp-content\/uploads\/2024\/11\/Capturefin.jpg",427,205,false],"large":["https:\/\/www.beitalhikma.tn\/wp-content\/uploads\/2024\/11\/Capturefin.jpg",427,205,false],"thumblist":["https:\/\/www.beitalhikma.tn\/wp-content\/uploads\/2024\/11\/Capturefin-300x205.jpg",300,205,true],"meccarouselthumb":["https:\/\/www.beitalhikma.tn\/wp-content\/uploads\/2024\/11\/Capturefin.jpg",427,205,false],"gridsquare":["https:\/\/www.beitalhikma.tn\/wp-content\/uploads\/2024\/11\/Capturefin-391x205.jpg",391,205,true],"tileview":["https:\/\/www.beitalhikma.tn\/wp-content\/uploads\/2024\/11\/Capturefin-300x205.jpg",300,205,true],"1536x1536":["https:\/\/www.beitalhikma.tn\/wp-content\/uploads\/2024\/11\/Capturefin.jpg",427,205,false],"2048x2048":["https:\/\/www.beitalhikma.tn\/wp-content\/uploads\/2024\/11\/Capturefin.jpg",427,205,false],"post-thumbnail":["https:\/\/www.beitalhikma.tn\/wp-content\/uploads\/2024\/11\/Capturefin-260x125.jpg",260,125,true],"50x50":["https:\/\/www.beitalhikma.tn\/wp-content\/uploads\/2024\/11\/Capturefin-50x24.jpg",50,24,true],"portfolio-list":["https:\/\/www.beitalhikma.tn\/wp-content\/uploads\/2024\/11\/Capturefin.jpg",427,205,false],"portfolio-fs":["https:\/\/www.beitalhikma.tn\/wp-content\/uploads\/2024\/11\/Capturefin.jpg",427,205,false],"portfolio-slider":["https:\/\/www.beitalhikma.tn\/wp-content\/uploads\/2024\/11\/Capturefin-380x205.jpg",380,205,true],"blog":["https:\/\/www.beitalhikma.tn\/wp-content\/uploads\/2024\/11\/Capturefin.jpg",427,205,false],"blog-single":["https:\/\/www.beitalhikma.tn\/wp-content\/uploads\/2024\/11\/Capturefin.jpg",427,205,false],"blog-item":["https:\/\/www.beitalhikma.tn\/wp-content\/uploads\/2024\/11\/Capturefin.jpg",427,205,false],"blog-widget":["https:\/\/www.beitalhikma.tn\/wp-content\/uploads\/2024\/11\/Capturefin-80x60.jpg",80,60,true],"features":["https:\/\/www.beitalhikma.tn\/wp-content\/uploads\/2024\/11\/Capturefin-90x90.jpg",90,90,true],"clients-slider":["https:\/\/www.beitalhikma.tn\/wp-content\/uploads\/2024\/11\/Capturefin-155x74.jpg",155,74,true],"offer-slider":["https:\/\/www.beitalhikma.tn\/wp-content\/uploads\/2024\/11\/Capturefin.jpg",427,205,false],"offer-slider-pg":["https:\/\/www.beitalhikma.tn\/wp-content\/uploads\/2024\/11\/Capturefin-42x42.jpg",42,42,true],"woocommerce_thumbnail":["https:\/\/www.beitalhikma.tn\/wp-content\/uploads\/2024\/11\/Capturefin-250x205.jpg",250,205,true],"woocommerce_single":["https:\/\/www.beitalhikma.tn\/wp-content\/uploads\/2024\/11\/Capturefin-250x120.jpg",250,120,true],"woocommerce_gallery_thumbnail":["https:\/\/www.beitalhikma.tn\/wp-content\/uploads\/2024\/11\/Capturefin-100x100.jpg",100,100,true]},"uagb_author_info":{"display_name":"admin","author_link":"https:\/\/www.beitalhikma.tn\/fr\/author\/admin\/"},"uagb_comment_info":0,"uagb_excerpt":"L\u2019Acad\u00e9mie tunisienne des sciences, des lettres et des arts, \u00ab Be\u00eft al-Hikma \u00bb a organis\u00e9, le 09 novembre 2024, sa conf\u00e9rence inaugurale de l\u2019ann\u00e9e acad\u00e9mique 2024 [&hellip;]","_links":{"self":[{"href":"https:\/\/www.beitalhikma.tn\/fr\/wp-json\/wp\/v2\/posts\/116039","targetHints":{"allow":["GET"]}}],"collection":[{"href":"https:\/\/www.beitalhikma.tn\/fr\/wp-json\/wp\/v2\/posts"}],"about":[{"href":"https:\/\/www.beitalhikma.tn\/fr\/wp-json\/wp\/v2\/types\/post"}],"author":[{"embeddable":true,"href":"https:\/\/www.beitalhikma.tn\/fr\/wp-json\/wp\/v2\/users\/1"}],"replies":[{"embeddable":true,"href":"https:\/\/www.beitalhikma.tn\/fr\/wp-json\/wp\/v2\/comments?post=116039"}],"version-history":[{"count":0,"href":"https:\/\/www.beitalhikma.tn\/fr\/wp-json\/wp\/v2\/posts\/116039\/revisions"}],"wp:featuredmedia":[{"embeddable":true,"href":"https:\/\/www.beitalhikma.tn\/fr\/wp-json\/wp\/v2\/media\/116419"}],"wp:attachment":[{"href":"https:\/\/www.beitalhikma.tn\/fr\/wp-json\/wp\/v2\/media?parent=116039"}],"wp:term":[{"taxonomy":"category","embeddable":true,"href":"https:\/\/www.beitalhikma.tn\/fr\/wp-json\/wp\/v2\/categories?post=116039"},{"taxonomy":"post_tag","embeddable":true,"href":"https:\/\/www.beitalhikma.tn\/fr\/wp-json\/wp\/v2\/tags?post=116039"}],"curies":[{"name":"wp","href":"https:\/\/api.w.org\/{rel}","templated":true}]}}