{"id":129932,"date":"2026-09-02T10:44:20","date_gmt":"2026-09-02T09:44:20","guid":{"rendered":"https:\/\/www.beitalhikma.tn\/?p=129932"},"modified":"2026-09-02T10:44:26","modified_gmt":"2026-09-02T09:44:26","slug":"presentation-du-livre-comment-va-le-monde-penser-la-transition-15-septembre-2026","status":"publish","type":"post","link":"https:\/\/www.beitalhikma.tn\/fr\/presentation-du-livre-comment-va-le-monde-penser-la-transition-15-septembre-2026\/","title":{"rendered":"Pr\u00e9sentation du livre : Comment va le monde ? Penser la transition &#8211; 15 septembre 2026"},"content":{"rendered":"<div class=\"wp-block-image\">\n<figure class=\"aligncenter size-large\"><img loading=\"lazy\" decoding=\"async\" width=\"724\" height=\"1024\" src=\"https:\/\/www.beitalhikma.tn\/wp-content\/uploads\/2026\/09\/Affiche-1-1-724x1024.jpg\" alt=\"\" class=\"wp-image-129933\" srcset=\"https:\/\/www.beitalhikma.tn\/wp-content\/uploads\/2026\/09\/Affiche-1-1-724x1024.jpg 724w, https:\/\/www.beitalhikma.tn\/wp-content\/uploads\/2026\/09\/Affiche-1-1-212x300.jpg 212w, https:\/\/www.beitalhikma.tn\/wp-content\/uploads\/2026\/09\/Affiche-1-1-768x1086.jpg 768w, https:\/\/www.beitalhikma.tn\/wp-content\/uploads\/2026\/09\/Affiche-1-1-1086x1536.jpg 1086w, https:\/\/www.beitalhikma.tn\/wp-content\/uploads\/2026\/09\/Affiche-1-1-1448x2048.jpg 1448w, https:\/\/www.beitalhikma.tn\/wp-content\/uploads\/2026\/09\/Affiche-1-1-103x146.jpg 103w, https:\/\/www.beitalhikma.tn\/wp-content\/uploads\/2026\/09\/Affiche-1-1-35x50.jpg 35w, https:\/\/www.beitalhikma.tn\/wp-content\/uploads\/2026\/09\/Affiche-1-1-57x80.jpg 57w, https:\/\/www.beitalhikma.tn\/wp-content\/uploads\/2026\/09\/Affiche-1-1-250x353.jpg 250w, https:\/\/www.beitalhikma.tn\/wp-content\/uploads\/2026\/09\/Affiche-1-1.jpg 1754w\" sizes=\"auto, (max-width: 724px) 100vw, 724px\" \/><\/figure><\/div>\n\n\n<p class=\"has-text-align-center has-text-color has-background has-link-color has-medium-font-size wp-elements-e8a8adc0cb278f29ac5334df0b6bcd7a\" style=\"color:#fed082;background-color:#6f96a7\"><strong>R\u00e9sum\u00e9<\/strong><\/p>\n\n\n\n<p class=\"has-medium-font-size\">Les organisateurs et les auteurs de cet ouvrage \u2013 anthropologues, sociologues, philosophes, po\u00e8tes, psychiatres, psychanalystes et chercheurs internationaux \u2013 s\u2019interrogent sur la profonde crise qui traverse aujourd\u2019hui l\u2019ensemble du monde. Ils jettent un regard aussi lucide que possible sur les transformations majeures qui conduisent, en s\u2019additionnant, \u00e0 reconfigurer en profondeur les processus de la gouvernance mondiale. Chacun \u00e0 sa fa\u00e7on ouvre une r\u00e9flexion sur les questions suivantes : comment en sommes-nous arriv\u00e9s l\u00e0 o\u00f9 nous en sommes aujourd\u2019hui ? Serions-nous encore capables, et pour combien de temps, de d\u00e9fendre l\u2019humanit\u00e9 irr\u00e9ductible de l\u2019Humain, quelle que f\u00fbt sa culture, son histoire et sa religion, face \u00e0 tous les dangers qui bouleversent l\u2019\u00e9quilibre du Monde ? Sommes-nous au seuil d\u2019une nouvelle p\u00e9riode historique qui tarde \u00e0 appara\u00eetre ou assistons-nous \u00e0 une radicalisation de la pr\u00e9sente p\u00e9riode et qui risque de cr\u00e9er un cataclysme suicidaire \u00e0 l\u2019\u00e9chelle de la plan\u00e8te ?<\/p>\n\n\n<div class=\"wp-block-image\">\n<figure class=\"aligncenter size-large\"><img loading=\"lazy\" decoding=\"async\" width=\"1024\" height=\"488\" src=\"https:\/\/www.beitalhikma.tn\/wp-content\/uploads\/2026\/09\/Invitation-1024x488.jpg\" alt=\"\" class=\"wp-image-129936\" srcset=\"https:\/\/www.beitalhikma.tn\/wp-content\/uploads\/2026\/09\/Invitation-1024x488.jpg 1024w, https:\/\/www.beitalhikma.tn\/wp-content\/uploads\/2026\/09\/Invitation-300x143.jpg 300w, https:\/\/www.beitalhikma.tn\/wp-content\/uploads\/2026\/09\/Invitation-768x366.jpg 768w, https:\/\/www.beitalhikma.tn\/wp-content\/uploads\/2026\/09\/Invitation-260x124.jpg 260w, https:\/\/www.beitalhikma.tn\/wp-content\/uploads\/2026\/09\/Invitation-50x24.jpg 50w, https:\/\/www.beitalhikma.tn\/wp-content\/uploads\/2026\/09\/Invitation-155x74.jpg 155w, https:\/\/www.beitalhikma.tn\/wp-content\/uploads\/2026\/09\/Invitation-250x119.jpg 250w, https:\/\/www.beitalhikma.tn\/wp-content\/uploads\/2026\/09\/Invitation.jpg 1240w\" sizes=\"auto, (max-width: 1024px) 100vw, 1024px\" \/><\/figure><\/div>","protected":false},"excerpt":{"rendered":"<p>R\u00e9sum\u00e9 Les organisateurs et les auteurs de cet ouvrage \u2013 anthropologues, sociologues, philosophes, po\u00e8tes, psychiatres, psychanalystes et chercheurs internationaux \u2013 s\u2019interrogent sur la profonde crise qui [&hellip;]<\/p>\n","protected":false},"author":1,"featured_media":129926,"comment_status":"closed","ping_status":"closed","sticky":false,"template":"","format":"standard","meta":{"_uag_custom_page_level_css":"","footnotes":""},"categories":[3],"tags":[],"class_list":["post-129932","post","type-post","status-publish","format-standard","has-post-thumbnail","hentry","category-news-fr-fr"],"featured_image_src":"https:\/\/www.beitalhikma.tn\/wp-content\/uploads\/2026\/09\/Capture-decran-2026-09-02-a-10.33.07.png","author_info":{"display_name":"admin","author_link":"https:\/\/www.beitalhikma.tn\/fr\/author\/admin\/"},"yoast_head":"<!-- This site is optimized with the Yoast SEO plugin v28.2 - https:\/\/yoast.com\/product\/yoast-seo-wordpress\/ -->\n<title>Pr\u00e9sentation du livre : Comment va le monde ? Penser la transition &#8211; 15 septembre 2026 - Beit al-Hikma<\/title>\n<meta name=\"robots\" content=\"index, follow, max-snippet:-1, max-image-preview:large, max-video-preview:-1\" \/>\n<link rel=\"canonical\" href=\"https:\/\/www.beitalhikma.tn\/fr\/presentation-du-livre-comment-va-le-monde-penser-la-transition-15-septembre-2026\/\" \/>\n<meta property=\"og:locale\" content=\"fr_FR\" \/>\n<meta property=\"og:type\" content=\"article\" \/>\n<meta property=\"og:title\" content=\"Pr\u00e9sentation du livre : Comment va le monde ? Penser la transition &#8211; 15 septembre 2026 - Beit al-Hikma\" \/>\n<meta property=\"og:description\" content=\"R\u00e9sum\u00e9 Les organisateurs et les auteurs de cet ouvrage \u2013 anthropologues, sociologues, philosophes, po\u00e8tes, psychiatres, psychanalystes et chercheurs internationaux \u2013 s\u2019interrogent sur la profonde crise qui [&hellip;]\" \/>\n<meta property=\"og:url\" content=\"https:\/\/www.beitalhikma.tn\/fr\/presentation-du-livre-comment-va-le-monde-penser-la-transition-15-septembre-2026\/\" \/>\n<meta property=\"og:site_name\" content=\"Beit al-Hikma\" \/>\n<meta property=\"article:publisher\" content=\"https:\/\/www.facebook.com\/BeitalhikmaTunisie\/\" \/>\n<meta property=\"article:published_time\" content=\"2026-09-02T09:44:20+00:00\" \/>\n<meta property=\"article:modified_time\" content=\"2026-09-02T09:44:26+00:00\" \/>\n<meta property=\"og:image\" content=\"https:\/\/www.beitalhikma.tn\/wp-content\/uploads\/2026\/09\/Capture-decran-2026-09-02-a-10.33.07.png\" \/>\n\t<meta property=\"og:image:width\" content=\"826\" \/>\n\t<meta property=\"og:image:height\" content=\"654\" \/>\n\t<meta property=\"og:image:type\" content=\"image\/png\" \/>\n<meta name=\"author\" content=\"admin\" \/>\n<meta name=\"twitter:card\" content=\"summary_large_image\" \/>\n<meta name=\"twitter:creator\" content=\"@Beit_alhikma_TN\" \/>\n<meta name=\"twitter:site\" content=\"@Beit_alhikma_TN\" \/>\n<meta name=\"twitter:label1\" content=\"\u00c9crit par\" \/>\n\t<meta name=\"twitter:data1\" content=\"admin\" \/>\n\t<meta name=\"twitter:label2\" content=\"Dur\u00e9e de lecture estim\u00e9e\" \/>\n\t<meta name=\"twitter:data2\" content=\"2 minutes\" \/>\n<script type=\"application\/ld+json\" class=\"yoast-schema-graph\">{\"@context\":\"https:\\\/\\\/schema.org\",\"@graph\":[{\"@type\":\"Article\",\"@id\":\"https:\\\/\\\/www.beitalhikma.tn\\\/fr\\\/presentation-du-livre-comment-va-le-monde-penser-la-transition-15-septembre-2026\\\/#article\",\"isPartOf\":{\"@id\":\"https:\\\/\\\/www.beitalhikma.tn\\\/fr\\\/presentation-du-livre-comment-va-le-monde-penser-la-transition-15-septembre-2026\\\/\"},\"author\":{\"name\":\"admin\",\"@id\":\"https:\\\/\\\/www.beitalhikma.tn\\\/#\\\/schema\\\/person\\\/d51263ac3110f1f902e74859a0b4d0ab\"},\"headline\":\"Pr\u00e9sentation du livre : Comment va le monde ? Penser la transition &#8211; 15 septembre 2026\",\"datePublished\":\"2026-09-02T09:44:20+00:00\",\"dateModified\":\"2026-09-02T09:44:26+00:00\",\"mainEntityOfPage\":{\"@id\":\"https:\\\/\\\/www.beitalhikma.tn\\\/fr\\\/presentation-du-livre-comment-va-le-monde-penser-la-transition-15-septembre-2026\\\/\"},\"wordCount\":173,\"publisher\":{\"@id\":\"https:\\\/\\\/www.beitalhikma.tn\\\/#organization\"},\"image\":{\"@id\":\"https:\\\/\\\/www.beitalhikma.tn\\\/fr\\\/presentation-du-livre-comment-va-le-monde-penser-la-transition-15-septembre-2026\\\/#primaryimage\"},\"thumbnailUrl\":\"https:\\\/\\\/www.beitalhikma.tn\\\/wp-content\\\/uploads\\\/2026\\\/09\\\/Capture-decran-2026-09-02-a-10.33.07.png\",\"articleSection\":[\"Les activit\u00e9s\"],\"inLanguage\":\"fr-FR\"},{\"@type\":\"WebPage\",\"@id\":\"https:\\\/\\\/www.beitalhikma.tn\\\/fr\\\/presentation-du-livre-comment-va-le-monde-penser-la-transition-15-septembre-2026\\\/\",\"url\":\"https:\\\/\\\/www.beitalhikma.tn\\\/fr\\\/presentation-du-livre-comment-va-le-monde-penser-la-transition-15-septembre-2026\\\/\",\"name\":\"Pr\u00e9sentation du livre : Comment va le monde ? Penser la transition &#8211; 15 septembre 2026 - Beit al-Hikma\",\"isPartOf\":{\"@id\":\"https:\\\/\\\/www.beitalhikma.tn\\\/#website\"},\"primaryImageOfPage\":{\"@id\":\"https:\\\/\\\/www.beitalhikma.tn\\\/fr\\\/presentation-du-livre-comment-va-le-monde-penser-la-transition-15-septembre-2026\\\/#primaryimage\"},\"image\":{\"@id\":\"https:\\\/\\\/www.beitalhikma.tn\\\/fr\\\/presentation-du-livre-comment-va-le-monde-penser-la-transition-15-septembre-2026\\\/#primaryimage\"},\"thumbnailUrl\":\"https:\\\/\\\/www.beitalhikma.tn\\\/wp-content\\\/uploads\\\/2026\\\/09\\\/Capture-decran-2026-09-02-a-10.33.07.png\",\"datePublished\":\"2026-09-02T09:44:20+00:00\",\"dateModified\":\"2026-09-02T09:44:26+00:00\",\"breadcrumb\":{\"@id\":\"https:\\\/\\\/www.beitalhikma.tn\\\/fr\\\/presentation-du-livre-comment-va-le-monde-penser-la-transition-15-septembre-2026\\\/#breadcrumb\"},\"inLanguage\":\"fr-FR\",\"potentialAction\":[{\"@type\":\"ReadAction\",\"target\":[\"https:\\\/\\\/www.beitalhikma.tn\\\/fr\\\/presentation-du-livre-comment-va-le-monde-penser-la-transition-15-septembre-2026\\\/\"]}]},{\"@type\":\"ImageObject\",\"inLanguage\":\"fr-FR\",\"@id\":\"https:\\\/\\\/www.beitalhikma.tn\\\/fr\\\/presentation-du-livre-comment-va-le-monde-penser-la-transition-15-septembre-2026\\\/#primaryimage\",\"url\":\"https:\\\/\\\/www.beitalhikma.tn\\\/wp-content\\\/uploads\\\/2026\\\/09\\\/Capture-decran-2026-09-02-a-10.33.07.png\",\"contentUrl\":\"https:\\\/\\\/www.beitalhikma.tn\\\/wp-content\\\/uploads\\\/2026\\\/09\\\/Capture-decran-2026-09-02-a-10.33.07.png\",\"width\":826,\"height\":654},{\"@type\":\"BreadcrumbList\",\"@id\":\"https:\\\/\\\/www.beitalhikma.tn\\\/fr\\\/presentation-du-livre-comment-va-le-monde-penser-la-transition-15-septembre-2026\\\/#breadcrumb\",\"itemListElement\":[{\"@type\":\"ListItem\",\"position\":1,\"name\":\"Accueil\",\"item\":\"https:\\\/\\\/www.beitalhikma.tn\\\/fr\\\/\"},{\"@type\":\"ListItem\",\"position\":2,\"name\":\"Pr\u00e9sentation du livre : Comment va le monde ? Penser la transition &#8211; 15 septembre 2026\"}]},{\"@type\":\"WebSite\",\"@id\":\"https:\\\/\\\/www.beitalhikma.tn\\\/#website\",\"url\":\"https:\\\/\\\/www.beitalhikma.tn\\\/\",\"name\":\"Beit al-Hikma\",\"description\":\"L&#039;Acad\u00e9mie Tunisienne des Sciences, des Lettres  et des Arts\",\"publisher\":{\"@id\":\"https:\\\/\\\/www.beitalhikma.tn\\\/#organization\"},\"potentialAction\":[{\"@type\":\"SearchAction\",\"target\":{\"@type\":\"EntryPoint\",\"urlTemplate\":\"https:\\\/\\\/www.beitalhikma.tn\\\/?s={search_term_string}\"},\"query-input\":{\"@type\":\"PropertyValueSpecification\",\"valueRequired\":true,\"valueName\":\"search_term_string\"}}],\"inLanguage\":\"fr-FR\"},{\"@type\":\"Organization\",\"@id\":\"https:\\\/\\\/www.beitalhikma.tn\\\/#organization\",\"name\":\"Beit Al Hikma\",\"url\":\"https:\\\/\\\/www.beitalhikma.tn\\\/\",\"logo\":{\"@type\":\"ImageObject\",\"inLanguage\":\"fr-FR\",\"@id\":\"https:\\\/\\\/www.beitalhikma.tn\\\/#\\\/schema\\\/logo\\\/image\\\/\",\"url\":\"https:\\\/\\\/www.beitalhikma.tn\\\/wp-content\\\/uploads\\\/2014\\\/11\\\/logo.png\",\"contentUrl\":\"https:\\\/\\\/www.beitalhikma.tn\\\/wp-content\\\/uploads\\\/2014\\\/11\\\/logo.png\",\"width\":288,\"height\":109,\"caption\":\"Beit Al Hikma\"},\"image\":{\"@id\":\"https:\\\/\\\/www.beitalhikma.tn\\\/#\\\/schema\\\/logo\\\/image\\\/\"},\"sameAs\":[\"https:\\\/\\\/www.facebook.com\\\/BeitalhikmaTunisie\\\/\",\"https:\\\/\\\/x.com\\\/Beit_alhikma_TN\",\"https:\\\/\\\/www.youtube.com\\\/channel\\\/UCl8EfDXqt5MFfcEY0UYhevg\"]},{\"@type\":\"Person\",\"@id\":\"https:\\\/\\\/www.beitalhikma.tn\\\/#\\\/schema\\\/person\\\/d51263ac3110f1f902e74859a0b4d0ab\",\"name\":\"admin\",\"url\":\"https:\\\/\\\/www.beitalhikma.tn\\\/fr\\\/author\\\/admin\\\/\"}]}<\/script>\n<!-- \/ Yoast SEO plugin. -->","yoast_head_json":{"title":"Pr\u00e9sentation du livre : Comment va le monde ? Penser la transition &#8211; 15 septembre 2026 - Beit al-Hikma","robots":{"index":"index","follow":"follow","max-snippet":"max-snippet:-1","max-image-preview":"max-image-preview:large","max-video-preview":"max-video-preview:-1"},"canonical":"https:\/\/www.beitalhikma.tn\/fr\/presentation-du-livre-comment-va-le-monde-penser-la-transition-15-septembre-2026\/","og_locale":"fr_FR","og_type":"article","og_title":"Pr\u00e9sentation du livre : Comment va le monde ? Penser la transition &#8211; 15 septembre 2026 - Beit al-Hikma","og_description":"R\u00e9sum\u00e9 Les organisateurs et les auteurs de cet ouvrage \u2013 anthropologues, sociologues, philosophes, po\u00e8tes, psychiatres, psychanalystes et chercheurs internationaux \u2013 s\u2019interrogent sur la profonde crise qui [&hellip;]","og_url":"https:\/\/www.beitalhikma.tn\/fr\/presentation-du-livre-comment-va-le-monde-penser-la-transition-15-septembre-2026\/","og_site_name":"Beit al-Hikma","article_publisher":"https:\/\/www.facebook.com\/BeitalhikmaTunisie\/","article_published_time":"2026-09-02T09:44:20+00:00","article_modified_time":"2026-09-02T09:44:26+00:00","og_image":[{"width":826,"height":654,"url":"https:\/\/www.beitalhikma.tn\/wp-content\/uploads\/2026\/09\/Capture-decran-2026-09-02-a-10.33.07.png","type":"image\/png"}],"author":"admin","twitter_card":"summary_large_image","twitter_creator":"@Beit_alhikma_TN","twitter_site":"@Beit_alhikma_TN","twitter_misc":{"\u00c9crit par":"admin","Dur\u00e9e de lecture estim\u00e9e":"2 minutes"},"schema":{"@context":"https:\/\/schema.org","@graph":[{"@type":"Article","@id":"https:\/\/www.beitalhikma.tn\/fr\/presentation-du-livre-comment-va-le-monde-penser-la-transition-15-septembre-2026\/#article","isPartOf":{"@id":"https:\/\/www.beitalhikma.tn\/fr\/presentation-du-livre-comment-va-le-monde-penser-la-transition-15-septembre-2026\/"},"author":{"name":"admin","@id":"https:\/\/www.beitalhikma.tn\/#\/schema\/person\/d51263ac3110f1f902e74859a0b4d0ab"},"headline":"Pr\u00e9sentation du livre : Comment va le monde ? Penser la transition &#8211; 15 septembre 2026","datePublished":"2026-09-02T09:44:20+00:00","dateModified":"2026-09-02T09:44:26+00:00","mainEntityOfPage":{"@id":"https:\/\/www.beitalhikma.tn\/fr\/presentation-du-livre-comment-va-le-monde-penser-la-transition-15-septembre-2026\/"},"wordCount":173,"publisher":{"@id":"https:\/\/www.beitalhikma.tn\/#organization"},"image":{"@id":"https:\/\/www.beitalhikma.tn\/fr\/presentation-du-livre-comment-va-le-monde-penser-la-transition-15-septembre-2026\/#primaryimage"},"thumbnailUrl":"https:\/\/www.beitalhikma.tn\/wp-content\/uploads\/2026\/09\/Capture-decran-2026-09-02-a-10.33.07.png","articleSection":["Les activit\u00e9s"],"inLanguage":"fr-FR"},{"@type":"WebPage","@id":"https:\/\/www.beitalhikma.tn\/fr\/presentation-du-livre-comment-va-le-monde-penser-la-transition-15-septembre-2026\/","url":"https:\/\/www.beitalhikma.tn\/fr\/presentation-du-livre-comment-va-le-monde-penser-la-transition-15-septembre-2026\/","name":"Pr\u00e9sentation du livre : Comment va le monde ? Penser la transition &#8211; 15 septembre 2026 - Beit al-Hikma","isPartOf":{"@id":"https:\/\/www.beitalhikma.tn\/#website"},"primaryImageOfPage":{"@id":"https:\/\/www.beitalhikma.tn\/fr\/presentation-du-livre-comment-va-le-monde-penser-la-transition-15-septembre-2026\/#primaryimage"},"image":{"@id":"https:\/\/www.beitalhikma.tn\/fr\/presentation-du-livre-comment-va-le-monde-penser-la-transition-15-septembre-2026\/#primaryimage"},"thumbnailUrl":"https:\/\/www.beitalhikma.tn\/wp-content\/uploads\/2026\/09\/Capture-decran-2026-09-02-a-10.33.07.png","datePublished":"2026-09-02T09:44:20+00:00","dateModified":"2026-09-02T09:44:26+00:00","breadcrumb":{"@id":"https:\/\/www.beitalhikma.tn\/fr\/presentation-du-livre-comment-va-le-monde-penser-la-transition-15-septembre-2026\/#breadcrumb"},"inLanguage":"fr-FR","potentialAction":[{"@type":"ReadAction","target":["https:\/\/www.beitalhikma.tn\/fr\/presentation-du-livre-comment-va-le-monde-penser-la-transition-15-septembre-2026\/"]}]},{"@type":"ImageObject","inLanguage":"fr-FR","@id":"https:\/\/www.beitalhikma.tn\/fr\/presentation-du-livre-comment-va-le-monde-penser-la-transition-15-septembre-2026\/#primaryimage","url":"https:\/\/www.beitalhikma.tn\/wp-content\/uploads\/2026\/09\/Capture-decran-2026-09-02-a-10.33.07.png","contentUrl":"https:\/\/www.beitalhikma.tn\/wp-content\/uploads\/2026\/09\/Capture-decran-2026-09-02-a-10.33.07.png","width":826,"height":654},{"@type":"BreadcrumbList","@id":"https:\/\/www.beitalhikma.tn\/fr\/presentation-du-livre-comment-va-le-monde-penser-la-transition-15-septembre-2026\/#breadcrumb","itemListElement":[{"@type":"ListItem","position":1,"name":"Accueil","item":"https:\/\/www.beitalhikma.tn\/fr\/"},{"@type":"ListItem","position":2,"name":"Pr\u00e9sentation du livre : Comment va le monde ? Penser la transition &#8211; 15 septembre 2026"}]},{"@type":"WebSite","@id":"https:\/\/www.beitalhikma.tn\/#website","url":"https:\/\/www.beitalhikma.tn\/","name":"Beit al-Hikma","description":"L&#039;Acad\u00e9mie Tunisienne des Sciences, des Lettres  et des Arts","publisher":{"@id":"https:\/\/www.beitalhikma.tn\/#organization"},"potentialAction":[{"@type":"SearchAction","target":{"@type":"EntryPoint","urlTemplate":"https:\/\/www.beitalhikma.tn\/?s={search_term_string}"},"query-input":{"@type":"PropertyValueSpecification","valueRequired":true,"valueName":"search_term_string"}}],"inLanguage":"fr-FR"},{"@type":"Organization","@id":"https:\/\/www.beitalhikma.tn\/#organization","name":"Beit Al Hikma","url":"https:\/\/www.beitalhikma.tn\/","logo":{"@type":"ImageObject","inLanguage":"fr-FR","@id":"https:\/\/www.beitalhikma.tn\/#\/schema\/logo\/image\/","url":"https:\/\/www.beitalhikma.tn\/wp-content\/uploads\/2014\/11\/logo.png","contentUrl":"https:\/\/www.beitalhikma.tn\/wp-content\/uploads\/2014\/11\/logo.png","width":288,"height":109,"caption":"Beit Al Hikma"},"image":{"@id":"https:\/\/www.beitalhikma.tn\/#\/schema\/logo\/image\/"},"sameAs":["https:\/\/www.facebook.com\/BeitalhikmaTunisie\/","https:\/\/x.com\/Beit_alhikma_TN","https:\/\/www.youtube.com\/channel\/UCl8EfDXqt5MFfcEY0UYhevg"]},{"@type":"Person","@id":"https:\/\/www.beitalhikma.tn\/#\/schema\/person\/d51263ac3110f1f902e74859a0b4d0ab","name":"admin","url":"https:\/\/www.beitalhikma.tn\/fr\/author\/admin\/"}]}},"uagb_featured_image_src":{"full":["https:\/\/www.beitalhikma.tn\/wp-content\/uploads\/2026\/09\/Capture-decran-2026-09-02-a-10.33.07.png",826,654,false],"thumbnail":["https:\/\/www.beitalhikma.tn\/wp-content\/uploads\/2026\/09\/Capture-decran-2026-09-02-a-10.33.07-250x300.png",250,300,true],"medium":["https:\/\/www.beitalhikma.tn\/wp-content\/uploads\/2026\/09\/Capture-decran-2026-09-02-a-10.33.07-300x238.png",300,238,true],"medium_large":["https:\/\/www.beitalhikma.tn\/wp-content\/uploads\/2026\/09\/Capture-decran-2026-09-02-a-10.33.07-768x608.png",768,608,true],"large":["https:\/\/www.beitalhikma.tn\/wp-content\/uploads\/2026\/09\/Capture-decran-2026-09-02-a-10.33.07.png",826,654,false],"thumblist":["https:\/\/www.beitalhikma.tn\/wp-content\/uploads\/2026\/09\/Capture-decran-2026-09-02-a-10.33.07-300x300.png",300,300,true],"meccarouselthumb":["https:\/\/www.beitalhikma.tn\/wp-content\/uploads\/2026\/09\/Capture-decran-2026-09-02-a-10.33.07-474x324.png",474,324,true],"gridsquare":["https:\/\/www.beitalhikma.tn\/wp-content\/uploads\/2026\/09\/Capture-decran-2026-09-02-a-10.33.07-391x260.png",391,260,true],"tileview":["https:\/\/www.beitalhikma.tn\/wp-content\/uploads\/2026\/09\/Capture-decran-2026-09-02-a-10.33.07-300x400.png",300,400,true],"1536x1536":["https:\/\/www.beitalhikma.tn\/wp-content\/uploads\/2026\/09\/Capture-decran-2026-09-02-a-10.33.07.png",826,654,false],"2048x2048":["https:\/\/www.beitalhikma.tn\/wp-content\/uploads\/2026\/09\/Capture-decran-2026-09-02-a-10.33.07.png",826,654,false],"post-thumbnail":["https:\/\/www.beitalhikma.tn\/wp-content\/uploads\/2026\/09\/Capture-decran-2026-09-02-a-10.33.07-184x146.png",184,146,true],"50x50":["https:\/\/www.beitalhikma.tn\/wp-content\/uploads\/2026\/09\/Capture-decran-2026-09-02-a-10.33.07-50x40.png",50,40,true],"portfolio-list":["https:\/\/www.beitalhikma.tn\/wp-content\/uploads\/2026\/09\/Capture-decran-2026-09-02-a-10.33.07-600x400.png",600,400,true],"portfolio-fs":["https:\/\/www.beitalhikma.tn\/wp-content\/uploads\/2026\/09\/Capture-decran-2026-09-02-a-10.33.07-815x543.png",815,543,true],"portfolio-slider":["https:\/\/www.beitalhikma.tn\/wp-content\/uploads\/2026\/09\/Capture-decran-2026-09-02-a-10.33.07-380x380.png",380,380,true],"blog":["https:\/\/www.beitalhikma.tn\/wp-content\/uploads\/2026\/09\/Capture-decran-2026-09-02-a-10.33.07-564x341.png",564,341,true],"blog-single":["https:\/\/www.beitalhikma.tn\/wp-content\/uploads\/2026\/09\/Capture-decran-2026-09-02-a-10.33.07-826x445.png",826,445,true],"blog-item":["https:\/\/www.beitalhikma.tn\/wp-content\/uploads\/2026\/09\/Capture-decran-2026-09-02-a-10.33.07-504x224.png",504,224,true],"blog-widget":["https:\/\/www.beitalhikma.tn\/wp-content\/uploads\/2026\/09\/Capture-decran-2026-09-02-a-10.33.07-80x60.png",80,60,true],"features":["https:\/\/www.beitalhikma.tn\/wp-content\/uploads\/2026\/09\/Capture-decran-2026-09-02-a-10.33.07-90x90.png",90,90,true],"clients-slider":["https:\/\/www.beitalhikma.tn\/wp-content\/uploads\/2026\/09\/Capture-decran-2026-09-02-a-10.33.07-101x80.png",101,80,true],"offer-slider":["https:\/\/www.beitalhikma.tn\/wp-content\/uploads\/2026\/09\/Capture-decran-2026-09-02-a-10.33.07-776x438.png",776,438,true],"offer-slider-pg":["https:\/\/www.beitalhikma.tn\/wp-content\/uploads\/2026\/09\/Capture-decran-2026-09-02-a-10.33.07-42x42.png",42,42,true],"woocommerce_thumbnail":["https:\/\/www.beitalhikma.tn\/wp-content\/uploads\/2026\/09\/Capture-decran-2026-09-02-a-10.33.07-250x300.png",250,300,true],"woocommerce_single":["https:\/\/www.beitalhikma.tn\/wp-content\/uploads\/2026\/09\/Capture-decran-2026-09-02-a-10.33.07-250x198.png",250,198,true],"woocommerce_gallery_thumbnail":["https:\/\/www.beitalhikma.tn\/wp-content\/uploads\/2026\/09\/Capture-decran-2026-09-02-a-10.33.07-100x100.png",100,100,true]},"uagb_author_info":{"display_name":"admin","author_link":"https:\/\/www.beitalhikma.tn\/fr\/author\/admin\/"},"uagb_comment_info":0,"uagb_excerpt":"R\u00e9sum\u00e9 Les organisateurs et les auteurs de cet ouvrage \u2013 anthropologues, sociologues, philosophes, po\u00e8tes, psychiatres, psychanalystes et chercheurs internationaux \u2013 s\u2019interrogent sur la profonde crise qui [&hellip;]","_links":{"self":[{"href":"https:\/\/www.beitalhikma.tn\/fr\/wp-json\/wp\/v2\/posts\/129932","targetHints":{"allow":["GET"]}}],"collection":[{"href":"https:\/\/www.beitalhikma.tn\/fr\/wp-json\/wp\/v2\/posts"}],"about":[{"href":"https:\/\/www.beitalhikma.tn\/fr\/wp-json\/wp\/v2\/types\/post"}],"author":[{"embeddable":true,"href":"https:\/\/www.beitalhikma.tn\/fr\/wp-json\/wp\/v2\/users\/1"}],"replies":[{"embeddable":true,"href":"https:\/\/www.beitalhikma.tn\/fr\/wp-json\/wp\/v2\/comments?post=129932"}],"version-history":[{"count":2,"href":"https:\/\/www.beitalhikma.tn\/fr\/wp-json\/wp\/v2\/posts\/129932\/revisions"}],"predecessor-version":[{"id":129940,"href":"https:\/\/www.beitalhikma.tn\/fr\/wp-json\/wp\/v2\/posts\/129932\/revisions\/129940"}],"wp:featuredmedia":[{"embeddable":true,"href":"https:\/\/www.beitalhikma.tn\/fr\/wp-json\/wp\/v2\/media\/129926"}],"wp:attachment":[{"href":"https:\/\/www.beitalhikma.tn\/fr\/wp-json\/wp\/v2\/media?parent=129932"}],"wp:term":[{"taxonomy":"category","embeddable":true,"href":"https:\/\/www.beitalhikma.tn\/fr\/wp-json\/wp\/v2\/categories?post=129932"},{"taxonomy":"post_tag","embeddable":true,"href":"https:\/\/www.beitalhikma.tn\/fr\/wp-json\/wp\/v2\/tags?post=129932"}],"curies":[{"name":"wp","href":"https:\/\/api.w.org\/{rel}","templated":true}]}}