{"id":99818,"date":"2022-11-15T12:31:43","date_gmt":"2022-11-15T11:31:43","guid":{"rendered":"https:\/\/www.beitalhikma.tn\/?p=99818"},"modified":"2022-11-23T09:35:51","modified_gmt":"2022-11-23T08:35:51","slug":"conference-le-theatre-en-africa-tunisie-antique-par-lacademicienne-leila-ladjimi-sebai-17-novembre-2022","status":"publish","type":"post","link":"https:\/\/www.beitalhikma.tn\/fr\/conference-le-theatre-en-africa-tunisie-antique-par-lacademicienne-leila-ladjimi-sebai-17-novembre-2022\/","title":{"rendered":"Conf\u00e9rence: Le th\u00e9\u00e2tre en Africa (Tunisie antique) Par l&#8217;acad\u00e9micienne Le\u00efla Ladjimi Seba\u00ef 17 novembre 2022"},"content":{"rendered":"\n<p class=\"has-text-align-center\"><strong><em>Le D\u00e9partement des Arts de l\u2019Acad\u00e9mie des sciences, des lettres et des arts, Beit al-Hikma, a tenu sa conf\u00e9rence inaugurale de l\u2019ann\u00e9e acad\u00e9mique 2022\/2023, le 17 novembre 2022, sur le th\u00e8me du th\u00e9\u00e2tre en Africa (La Tunisie antique).<\/em><\/strong><\/p>\n\n\n\n<p class=\"has-text-align-center\"><strong><em>Le pr\u00e9sident du D\u00e9partement, le Pr Samir Becha, a annonc\u00e9 dans son mot d\u2019ouverture que cette conf\u00e9rence ambitionnait d\u2019\u00eatre la premi\u00e8re d\u2019une s\u00e9rie de rencontres qui s\u2019inscriraient dans le cadre d\u2019un projet de colloque dont l\u2019objectif est de retracer les diff\u00e9rentes composantes de cet art majeur en Tunisie et de son \u00e9volution.<\/em><\/strong><\/p>\n\n\n\n<p class=\"has-text-align-center\"><strong><em>La conf\u00e9renci\u00e8re, Pre Leila Ladjimi Seba\u00ef, historienne, arch\u00e9ologue, \u00e9pigraphiste et membre de l\u2019Acad\u00e9mie Beit al-Hikma, a expliqu\u00e9 que cette d\u00e9marche, qui prend pour point de d\u00e9part la Tunisie \u00e0 l\u2019\u00e8re de l\u2019Antiquit\u00e9 romaine, constituait un jalon indispensable \u00e0 la compr\u00e9hension de cette expression fondamentale de l\u2019homme et \u00e0 l\u2019avenir du quatri\u00e8me art.<\/em><\/strong><\/p>\n\n\n\n<p class=\"has-text-align-center\"><strong><em>Le th\u00e9\u00e2tre, issu \u00e0 l\u2019origine d\u2019une expression religieuse fondamentale, est pass\u00e9 progressivement du sacr\u00e9 au profane pour devenir l\u2019un des atouts majeurs de la politique de romanisation de l\u2019ancienne Africa (dont la capitale \u00e9tait Carthage).<\/em><\/strong><\/p>\n\n\n\n<p class=\"has-text-align-center\"><strong><em>Toutefois, c\u2019est la religion m\u00eame qui sera, en grande partie, responsable de sa disparition&nbsp;: certains \u00e9crits des P\u00e8res de la chr\u00e9tient\u00e9 africaine, comme Tertullien ou Saint Augustin, en t\u00e9moignent, \u00e0 travers leurs anath\u00e8mes et leurs interdictions de fr\u00e9quenter ces lieux (les th\u00e9\u00e2tres) jug\u00e9s inf\u00e2mes. En 439, les envahisseurs vandales, des chr\u00e9tiens ariens, d\u00e9truisirent de fond en comble le grand th\u00e9\u00e2tre de Carthage\u2026<\/em><\/strong><\/p>\n\n\n\n<p class=\"has-text-align-center\"><strong><em>Dans un pays de grande et de vieille civilisation comme la Tunisie, creuset de nombreuses cultures, cet art est l\u2019un de ceux qui illustrent le mieux le concept de patrimoine immat\u00e9riel. D\u2019o\u00f9 l\u2019int\u00e9r\u00eat d\u2019une d\u00e9marche scientifique et artistique qui viserait \u00e0 en sauver la m\u00e9moire d\u2019abord, et ensuite, \u00e0 le r\u00e9ins\u00e9rer, s\u00e9rieusement, dans le circuit culturel, au sens large du terme.<\/em><\/strong><\/p>\n\n\n\n<p class=\"has-text-align-center has-medium-font-size\"><strong><a href=\"https:\/\/fb.watch\/gS4LM0Upf7\/\">Le lien vers la conf\u00e9rence<\/a><\/strong><\/p>\n\n\n\n<p class=\"has-text-align-center has-medium-font-size\"><strong><a href=\"https:\/\/www.facebook.com\/BeitalhikmaTunisie\/posts\/510688641098108\">Phototh\u00e8que<\/a><\/strong><\/p>\n\n\n\n<p class=\"has-text-align-center has-luminous-vivid-amber-color has-text-color has-medium-font-size\"><strong>Revue de presse<\/strong><\/p>\n\n\n\n<p class=\"has-text-align-center\"><strong>Le Temps 23\/11\/2022<\/strong><\/p>\n\n\n\n<div class=\"wp-block-image\"><figure class=\"aligncenter size-large\"><img loading=\"lazy\" decoding=\"async\" width=\"689\" height=\"508\" src=\"https:\/\/www.beitalhikma.tn\/wp-content\/uploads\/2022\/11\/Le-Temps-23-11-2022.png\" alt=\"\" class=\"wp-image-100093\" srcset=\"https:\/\/www.beitalhikma.tn\/wp-content\/uploads\/2022\/11\/Le-Temps-23-11-2022.png 689w, https:\/\/www.beitalhikma.tn\/wp-content\/uploads\/2022\/11\/Le-Temps-23-11-2022-250x184.png 250w, https:\/\/www.beitalhikma.tn\/wp-content\/uploads\/2022\/11\/Le-Temps-23-11-2022-300x221.png 300w, https:\/\/www.beitalhikma.tn\/wp-content\/uploads\/2022\/11\/Le-Temps-23-11-2022-198x146.png 198w, https:\/\/www.beitalhikma.tn\/wp-content\/uploads\/2022\/11\/Le-Temps-23-11-2022-50x37.png 50w, https:\/\/www.beitalhikma.tn\/wp-content\/uploads\/2022\/11\/Le-Temps-23-11-2022-80x60.png 80w, https:\/\/www.beitalhikma.tn\/wp-content\/uploads\/2022\/11\/Le-Temps-23-11-2022-109x80.png 109w\" sizes=\"auto, (max-width: 689px) 100vw, 689px\" \/><\/figure><\/div>\n\n\n\n<p class=\"has-text-align-center\"><strong>Le Temps 17\/11\/2022<\/strong><\/p>\n\n\n\n<div class=\"wp-block-image\"><figure class=\"aligncenter size-large\"><img loading=\"lazy\" decoding=\"async\" width=\"904\" height=\"452\" src=\"https:\/\/www.beitalhikma.tn\/wp-content\/uploads\/2022\/11\/le-temps-17-11-2022-3.jpg\" alt=\"\" class=\"wp-image-99914\" srcset=\"https:\/\/www.beitalhikma.tn\/wp-content\/uploads\/2022\/11\/le-temps-17-11-2022-3.jpg 904w, https:\/\/www.beitalhikma.tn\/wp-content\/uploads\/2022\/11\/le-temps-17-11-2022-3-250x125.jpg 250w, https:\/\/www.beitalhikma.tn\/wp-content\/uploads\/2022\/11\/le-temps-17-11-2022-3-300x150.jpg 300w, https:\/\/www.beitalhikma.tn\/wp-content\/uploads\/2022\/11\/le-temps-17-11-2022-3-768x384.jpg 768w, https:\/\/www.beitalhikma.tn\/wp-content\/uploads\/2022\/11\/le-temps-17-11-2022-3-260x130.jpg 260w, https:\/\/www.beitalhikma.tn\/wp-content\/uploads\/2022\/11\/le-temps-17-11-2022-3-50x25.jpg 50w, https:\/\/www.beitalhikma.tn\/wp-content\/uploads\/2022\/11\/le-temps-17-11-2022-3-155x78.jpg 155w\" sizes=\"auto, (max-width: 904px) 100vw, 904px\" \/><\/figure><\/div>\n\n\n\n<div class=\"wp-block-image\"><figure class=\"aligncenter size-large\"><img loading=\"lazy\" decoding=\"async\" width=\"1024\" height=\"488\" src=\"https:\/\/www.beitalhikma.tn\/wp-content\/uploads\/2022\/11\/INV-AR-FR-17nov20222-3-1024x488.jpg\" alt=\"\" class=\"wp-image-99819\" srcset=\"https:\/\/www.beitalhikma.tn\/wp-content\/uploads\/2022\/11\/INV-AR-FR-17nov20222-3-1024x488.jpg 1024w, https:\/\/www.beitalhikma.tn\/wp-content\/uploads\/2022\/11\/INV-AR-FR-17nov20222-3-250x119.jpg 250w, https:\/\/www.beitalhikma.tn\/wp-content\/uploads\/2022\/11\/INV-AR-FR-17nov20222-3-300x143.jpg 300w, https:\/\/www.beitalhikma.tn\/wp-content\/uploads\/2022\/11\/INV-AR-FR-17nov20222-3-768x366.jpg 768w, https:\/\/www.beitalhikma.tn\/wp-content\/uploads\/2022\/11\/INV-AR-FR-17nov20222-3-260x124.jpg 260w, https:\/\/www.beitalhikma.tn\/wp-content\/uploads\/2022\/11\/INV-AR-FR-17nov20222-3-50x24.jpg 50w, https:\/\/www.beitalhikma.tn\/wp-content\/uploads\/2022\/11\/INV-AR-FR-17nov20222-3-155x74.jpg 155w, https:\/\/www.beitalhikma.tn\/wp-content\/uploads\/2022\/11\/INV-AR-FR-17nov20222-3.jpg 1241w\" sizes=\"auto, (max-width: 1024px) 100vw, 1024px\" \/><\/figure><\/div>\n\n\n\n<div class=\"wp-block-image\"><figure class=\"aligncenter size-large\"><img loading=\"lazy\" decoding=\"async\" width=\"724\" height=\"1024\" src=\"https:\/\/www.beitalhikma.tn\/wp-content\/uploads\/2022\/11\/Affiche-17nov2022-3-724x1024.jpg\" alt=\"\" class=\"wp-image-99813\" srcset=\"https:\/\/www.beitalhikma.tn\/wp-content\/uploads\/2022\/11\/Affiche-17nov2022-3-724x1024.jpg 724w, https:\/\/www.beitalhikma.tn\/wp-content\/uploads\/2022\/11\/Affiche-17nov2022-3-250x354.jpg 250w, https:\/\/www.beitalhikma.tn\/wp-content\/uploads\/2022\/11\/Affiche-17nov2022-3-212x300.jpg 212w, https:\/\/www.beitalhikma.tn\/wp-content\/uploads\/2022\/11\/Affiche-17nov2022-3-768x1086.jpg 768w, https:\/\/www.beitalhikma.tn\/wp-content\/uploads\/2022\/11\/Affiche-17nov2022-3-1086x1536.jpg 1086w, https:\/\/www.beitalhikma.tn\/wp-content\/uploads\/2022\/11\/Affiche-17nov2022-3-1448x2048.jpg 1448w, https:\/\/www.beitalhikma.tn\/wp-content\/uploads\/2022\/11\/Affiche-17nov2022-3-103x146.jpg 103w, https:\/\/www.beitalhikma.tn\/wp-content\/uploads\/2022\/11\/Affiche-17nov2022-3-35x50.jpg 35w, https:\/\/www.beitalhikma.tn\/wp-content\/uploads\/2022\/11\/Affiche-17nov2022-3-57x80.jpg 57w, https:\/\/www.beitalhikma.tn\/wp-content\/uploads\/2022\/11\/Affiche-17nov2022-3.jpg 1754w\" sizes=\"auto, (max-width: 724px) 100vw, 724px\" \/><\/figure><\/div>\n\n\n\n<p class=\"has-text-align-center has-black-color has-text-color has-medium-font-size\"><strong>R\u00e9sum\u00e9<br><\/strong>Cette pr\u00e9sentation est le premier exercice d\u2019un projet de colloque qui essayera de retracer les diff\u00e9rentes composantes de cet art majeur en Tunisie, et son \u00e9volution.<br>Pendant toute l\u2019antiquit\u00e9 romaine, objet de notre propos d\u2019aujourd\u2019hui, nous essayerons de d\u00e9montrer combien cet art fut propre \u00e0 notre pays malgr\u00e9 ses origines \u00e9trang\u00e8res. Nous pr\u00e9senterons un \u00e9tat de la question qui ne sera certes pas exhaustif vu l\u2019importance du sujet, la quantit\u00e9 et la qualit\u00e9 des documents qui permettent de l\u2019aborder. Tout en se r\u00e9f\u00e9rant \u00e0 la naissance de ce qu\u2019on appelle le th\u00e9\u00e2tre qui d\u00e9signe d\u2019abord le monument, nous essayerons de d\u00e9montrer combien l\u2019art th\u00e9\u00e2tral qui en d\u00e9coule est issu d\u2019une expression religieuse fondamentale ; cette expressionest pass\u00e9e progressivement du sacr\u00e9 au profane pour devenir l\u2019un des atouts majeurs de la politique de romanisation de l\u2019ancienne Africa (une partie de notre Maghreb actuel qui avait pour capitale Carthage).<br>Mais si la religion a favoris\u00e9 la naissance de cetart, c\u2019est bien la religion qui sera, en grande partie, responsable de sa disparition. Certains \u00e9crits des P\u00e8res de la chr\u00e9tient\u00e9 africaine, comme Tertullien ou Saint Augustin, sont l\u00e0 pour en t\u00e9moigner \u00e0 travers leurs anath\u00e8mes et leurs interdictions de fr\u00e9quenter des lieux jug\u00e9s inf\u00e2me.<br>Et en 439,les envahisseurs vandales, des chr\u00e9tiens ariens, d\u00e9truisirent de fond en combles le grand th\u00e9\u00e2tre de Carthage\u2026<\/p>\n\n\n\n<p>Pr. Le\u00efla Ladjimi Seba\u00ef<\/p>\n\n\n\n<p class=\"has-text-align-center\"><\/p>\n","protected":false},"excerpt":{"rendered":"<p>Le D\u00e9partement des Arts de l\u2019Acad\u00e9mie des sciences, des lettres et des arts, Beit al-Hikma, a tenu sa conf\u00e9rence inaugurale de l\u2019ann\u00e9e acad\u00e9mique 2022\/2023, le 17 [&hellip;]<\/p>\n","protected":false},"author":1,"featured_media":99946,"comment_status":"open","ping_status":"open","sticky":false,"template":"","format":"standard","meta":{"_uag_custom_page_level_css":"","footnotes":""},"categories":[3],"tags":[],"class_list":["post-99818","post","type-post","status-publish","format-standard","has-post-thumbnail","hentry","category-news-fr-fr"],"featured_image_src":"https:\/\/www.beitalhikma.tn\/wp-content\/uploads\/2022\/11\/photo8-1.jpg","author_info":{"display_name":"admin","author_link":"https:\/\/www.beitalhikma.tn\/fr\/author\/admin\/"},"yoast_head":"<!-- This site is optimized with the Yoast SEO plugin v27.5 - https:\/\/yoast.com\/product\/yoast-seo-wordpress\/ -->\n<title>Conf\u00e9rence: Le th\u00e9\u00e2tre en Africa (Tunisie antique) Par l&#8217;acad\u00e9micienne Le\u00efla Ladjimi Seba\u00ef 17 novembre 2022 - Beit al-Hikma<\/title>\n<meta name=\"robots\" content=\"index, follow, max-snippet:-1, max-image-preview:large, max-video-preview:-1\" \/>\n<link rel=\"canonical\" href=\"https:\/\/www.beitalhikma.tn\/\u0645\u062d\u0627\u0636\u0631\u0629-\u0627\u0644\u0645\u0633\u0631\u062d-\u0641\u064a-\u062a\u0648\u0646\u0633-\u062e\u0644\u0627\u0644-\u0641\u062a\u0631\u0629-\u0627\u0644\u062a\u0627\u0631\u064a\/\" \/>\n<meta property=\"og:locale\" content=\"fr_FR\" \/>\n<meta property=\"og:type\" content=\"article\" \/>\n<meta property=\"og:title\" content=\"Conf\u00e9rence: Le th\u00e9\u00e2tre en Africa (Tunisie antique) Par l&#8217;acad\u00e9micienne Le\u00efla Ladjimi Seba\u00ef 17 novembre 2022 - Beit al-Hikma\" \/>\n<meta property=\"og:description\" content=\"Le D\u00e9partement des Arts de l\u2019Acad\u00e9mie des sciences, des lettres et des arts, Beit al-Hikma, a tenu sa conf\u00e9rence inaugurale de l\u2019ann\u00e9e acad\u00e9mique 2022\/2023, le 17 [&hellip;]\" \/>\n<meta property=\"og:url\" content=\"https:\/\/www.beitalhikma.tn\/\u0645\u062d\u0627\u0636\u0631\u0629-\u0627\u0644\u0645\u0633\u0631\u062d-\u0641\u064a-\u062a\u0648\u0646\u0633-\u062e\u0644\u0627\u0644-\u0641\u062a\u0631\u0629-\u0627\u0644\u062a\u0627\u0631\u064a\/\" \/>\n<meta property=\"og:site_name\" content=\"Beit al-Hikma\" \/>\n<meta property=\"article:publisher\" content=\"https:\/\/www.facebook.com\/BeitalhikmaTunisie\/\" \/>\n<meta property=\"article:published_time\" content=\"2022-11-15T11:31:43+00:00\" \/>\n<meta property=\"article:modified_time\" content=\"2022-11-23T08:35:51+00:00\" \/>\n<meta property=\"og:image\" content=\"https:\/\/www.beitalhikma.tn\/wp-content\/uploads\/2022\/11\/photo8-1.jpg\" \/>\n\t<meta property=\"og:image:width\" content=\"2048\" \/>\n\t<meta property=\"og:image:height\" content=\"1312\" \/>\n\t<meta property=\"og:image:type\" content=\"image\/jpeg\" \/>\n<meta name=\"author\" content=\"admin\" \/>\n<meta name=\"twitter:card\" content=\"summary_large_image\" \/>\n<meta name=\"twitter:creator\" content=\"@Beit_alhikma_TN\" \/>\n<meta name=\"twitter:site\" content=\"@Beit_alhikma_TN\" \/>\n<meta name=\"twitter:label1\" content=\"\u00c9crit par\" \/>\n\t<meta name=\"twitter:data1\" content=\"admin\" \/>\n\t<meta name=\"twitter:label2\" content=\"Dur\u00e9e de lecture estim\u00e9e\" \/>\n\t<meta name=\"twitter:data2\" content=\"4 minutes\" \/>\n<script type=\"application\/ld+json\" class=\"yoast-schema-graph\">{\"@context\":\"https:\\\/\\\/schema.org\",\"@graph\":[{\"@type\":\"Article\",\"@id\":\"https:\\\/\\\/www.beitalhikma.tn\\\/%d9%85%d8%ad%d8%a7%d8%b6%d8%b1%d8%a9-%d8%a7%d9%84%d9%85%d8%b3%d8%b1%d8%ad-%d9%81%d9%8a-%d8%aa%d9%88%d9%86%d8%b3-%d8%ae%d9%84%d8%a7%d9%84-%d9%81%d8%aa%d8%b1%d8%a9-%d8%a7%d9%84%d8%aa%d8%a7%d8%b1%d9%8a\\\/#article\",\"isPartOf\":{\"@id\":\"https:\\\/\\\/www.beitalhikma.tn\\\/%d9%85%d8%ad%d8%a7%d8%b6%d8%b1%d8%a9-%d8%a7%d9%84%d9%85%d8%b3%d8%b1%d8%ad-%d9%81%d9%8a-%d8%aa%d9%88%d9%86%d8%b3-%d8%ae%d9%84%d8%a7%d9%84-%d9%81%d8%aa%d8%b1%d8%a9-%d8%a7%d9%84%d8%aa%d8%a7%d8%b1%d9%8a\\\/\"},\"author\":{\"name\":\"admin\",\"@id\":\"https:\\\/\\\/www.beitalhikma.tn\\\/#\\\/schema\\\/person\\\/d51263ac3110f1f902e74859a0b4d0ab\"},\"headline\":\"Conf\u00e9rence: Le th\u00e9\u00e2tre en Africa (Tunisie antique) Par l&#8217;acad\u00e9micienne Le\u00efla Ladjimi Seba\u00ef 17 novembre 2022\",\"datePublished\":\"2022-11-15T11:31:43+00:00\",\"dateModified\":\"2022-11-23T08:35:51+00:00\",\"mainEntityOfPage\":{\"@id\":\"https:\\\/\\\/www.beitalhikma.tn\\\/%d9%85%d8%ad%d8%a7%d8%b6%d8%b1%d8%a9-%d8%a7%d9%84%d9%85%d8%b3%d8%b1%d8%ad-%d9%81%d9%8a-%d8%aa%d9%88%d9%86%d8%b3-%d8%ae%d9%84%d8%a7%d9%84-%d9%81%d8%aa%d8%b1%d8%a9-%d8%a7%d9%84%d8%aa%d8%a7%d8%b1%d9%8a\\\/\"},\"wordCount\":646,\"commentCount\":0,\"publisher\":{\"@id\":\"https:\\\/\\\/www.beitalhikma.tn\\\/#organization\"},\"image\":{\"@id\":\"https:\\\/\\\/www.beitalhikma.tn\\\/%d9%85%d8%ad%d8%a7%d8%b6%d8%b1%d8%a9-%d8%a7%d9%84%d9%85%d8%b3%d8%b1%d8%ad-%d9%81%d9%8a-%d8%aa%d9%88%d9%86%d8%b3-%d8%ae%d9%84%d8%a7%d9%84-%d9%81%d8%aa%d8%b1%d8%a9-%d8%a7%d9%84%d8%aa%d8%a7%d8%b1%d9%8a\\\/#primaryimage\"},\"thumbnailUrl\":\"https:\\\/\\\/www.beitalhikma.tn\\\/wp-content\\\/uploads\\\/2022\\\/11\\\/photo8-1.jpg\",\"articleSection\":[\"Les activit\u00e9s\"],\"inLanguage\":\"fr-FR\"},{\"@type\":\"WebPage\",\"@id\":\"https:\\\/\\\/www.beitalhikma.tn\\\/%d9%85%d8%ad%d8%a7%d8%b6%d8%b1%d8%a9-%d8%a7%d9%84%d9%85%d8%b3%d8%b1%d8%ad-%d9%81%d9%8a-%d8%aa%d9%88%d9%86%d8%b3-%d8%ae%d9%84%d8%a7%d9%84-%d9%81%d8%aa%d8%b1%d8%a9-%d8%a7%d9%84%d8%aa%d8%a7%d8%b1%d9%8a\\\/\",\"url\":\"https:\\\/\\\/www.beitalhikma.tn\\\/%d9%85%d8%ad%d8%a7%d8%b6%d8%b1%d8%a9-%d8%a7%d9%84%d9%85%d8%b3%d8%b1%d8%ad-%d9%81%d9%8a-%d8%aa%d9%88%d9%86%d8%b3-%d8%ae%d9%84%d8%a7%d9%84-%d9%81%d8%aa%d8%b1%d8%a9-%d8%a7%d9%84%d8%aa%d8%a7%d8%b1%d9%8a\\\/\",\"name\":\"Conf\u00e9rence: Le th\u00e9\u00e2tre en Africa (Tunisie antique) Par l&#8217;acad\u00e9micienne Le\u00efla Ladjimi Seba\u00ef 17 novembre 2022 - Beit al-Hikma\",\"isPartOf\":{\"@id\":\"https:\\\/\\\/www.beitalhikma.tn\\\/#website\"},\"primaryImageOfPage\":{\"@id\":\"https:\\\/\\\/www.beitalhikma.tn\\\/%d9%85%d8%ad%d8%a7%d8%b6%d8%b1%d8%a9-%d8%a7%d9%84%d9%85%d8%b3%d8%b1%d8%ad-%d9%81%d9%8a-%d8%aa%d9%88%d9%86%d8%b3-%d8%ae%d9%84%d8%a7%d9%84-%d9%81%d8%aa%d8%b1%d8%a9-%d8%a7%d9%84%d8%aa%d8%a7%d8%b1%d9%8a\\\/#primaryimage\"},\"image\":{\"@id\":\"https:\\\/\\\/www.beitalhikma.tn\\\/%d9%85%d8%ad%d8%a7%d8%b6%d8%b1%d8%a9-%d8%a7%d9%84%d9%85%d8%b3%d8%b1%d8%ad-%d9%81%d9%8a-%d8%aa%d9%88%d9%86%d8%b3-%d8%ae%d9%84%d8%a7%d9%84-%d9%81%d8%aa%d8%b1%d8%a9-%d8%a7%d9%84%d8%aa%d8%a7%d8%b1%d9%8a\\\/#primaryimage\"},\"thumbnailUrl\":\"https:\\\/\\\/www.beitalhikma.tn\\\/wp-content\\\/uploads\\\/2022\\\/11\\\/photo8-1.jpg\",\"datePublished\":\"2022-11-15T11:31:43+00:00\",\"dateModified\":\"2022-11-23T08:35:51+00:00\",\"breadcrumb\":{\"@id\":\"https:\\\/\\\/www.beitalhikma.tn\\\/%d9%85%d8%ad%d8%a7%d8%b6%d8%b1%d8%a9-%d8%a7%d9%84%d9%85%d8%b3%d8%b1%d8%ad-%d9%81%d9%8a-%d8%aa%d9%88%d9%86%d8%b3-%d8%ae%d9%84%d8%a7%d9%84-%d9%81%d8%aa%d8%b1%d8%a9-%d8%a7%d9%84%d8%aa%d8%a7%d8%b1%d9%8a\\\/#breadcrumb\"},\"inLanguage\":\"fr-FR\",\"potentialAction\":[{\"@type\":\"ReadAction\",\"target\":[\"https:\\\/\\\/www.beitalhikma.tn\\\/%d9%85%d8%ad%d8%a7%d8%b6%d8%b1%d8%a9-%d8%a7%d9%84%d9%85%d8%b3%d8%b1%d8%ad-%d9%81%d9%8a-%d8%aa%d9%88%d9%86%d8%b3-%d8%ae%d9%84%d8%a7%d9%84-%d9%81%d8%aa%d8%b1%d8%a9-%d8%a7%d9%84%d8%aa%d8%a7%d8%b1%d9%8a\\\/\"]}]},{\"@type\":\"ImageObject\",\"inLanguage\":\"fr-FR\",\"@id\":\"https:\\\/\\\/www.beitalhikma.tn\\\/%d9%85%d8%ad%d8%a7%d8%b6%d8%b1%d8%a9-%d8%a7%d9%84%d9%85%d8%b3%d8%b1%d8%ad-%d9%81%d9%8a-%d8%aa%d9%88%d9%86%d8%b3-%d8%ae%d9%84%d8%a7%d9%84-%d9%81%d8%aa%d8%b1%d8%a9-%d8%a7%d9%84%d8%aa%d8%a7%d8%b1%d9%8a\\\/#primaryimage\",\"url\":\"https:\\\/\\\/www.beitalhikma.tn\\\/wp-content\\\/uploads\\\/2022\\\/11\\\/photo8-1.jpg\",\"contentUrl\":\"https:\\\/\\\/www.beitalhikma.tn\\\/wp-content\\\/uploads\\\/2022\\\/11\\\/photo8-1.jpg\",\"width\":2048,\"height\":1312},{\"@type\":\"BreadcrumbList\",\"@id\":\"https:\\\/\\\/www.beitalhikma.tn\\\/%d9%85%d8%ad%d8%a7%d8%b6%d8%b1%d8%a9-%d8%a7%d9%84%d9%85%d8%b3%d8%b1%d8%ad-%d9%81%d9%8a-%d8%aa%d9%88%d9%86%d8%b3-%d8%ae%d9%84%d8%a7%d9%84-%d9%81%d8%aa%d8%b1%d8%a9-%d8%a7%d9%84%d8%aa%d8%a7%d8%b1%d9%8a\\\/#breadcrumb\",\"itemListElement\":[{\"@type\":\"ListItem\",\"position\":1,\"name\":\"Accueil\",\"item\":\"https:\\\/\\\/www.beitalhikma.tn\\\/fr\\\/\"},{\"@type\":\"ListItem\",\"position\":2,\"name\":\"Conf\u00e9rence: Le th\u00e9\u00e2tre en Africa (Tunisie antique) Par l&#8217;acad\u00e9micienne Le\u00efla Ladjimi Seba\u00ef 17 novembre 2022\"}]},{\"@type\":\"WebSite\",\"@id\":\"https:\\\/\\\/www.beitalhikma.tn\\\/#website\",\"url\":\"https:\\\/\\\/www.beitalhikma.tn\\\/\",\"name\":\"Beit al-Hikma\",\"description\":\"L&#039;Acad\u00e9mie Tunisienne des Sciences, des Lettres  et des Arts\",\"publisher\":{\"@id\":\"https:\\\/\\\/www.beitalhikma.tn\\\/#organization\"},\"potentialAction\":[{\"@type\":\"SearchAction\",\"target\":{\"@type\":\"EntryPoint\",\"urlTemplate\":\"https:\\\/\\\/www.beitalhikma.tn\\\/?s={search_term_string}\"},\"query-input\":{\"@type\":\"PropertyValueSpecification\",\"valueRequired\":true,\"valueName\":\"search_term_string\"}}],\"inLanguage\":\"fr-FR\"},{\"@type\":\"Organization\",\"@id\":\"https:\\\/\\\/www.beitalhikma.tn\\\/#organization\",\"name\":\"Beit Al Hikma\",\"url\":\"https:\\\/\\\/www.beitalhikma.tn\\\/\",\"logo\":{\"@type\":\"ImageObject\",\"inLanguage\":\"fr-FR\",\"@id\":\"https:\\\/\\\/www.beitalhikma.tn\\\/#\\\/schema\\\/logo\\\/image\\\/\",\"url\":\"https:\\\/\\\/www.beitalhikma.tn\\\/wp-content\\\/uploads\\\/2014\\\/11\\\/logo.png\",\"contentUrl\":\"https:\\\/\\\/www.beitalhikma.tn\\\/wp-content\\\/uploads\\\/2014\\\/11\\\/logo.png\",\"width\":288,\"height\":109,\"caption\":\"Beit Al Hikma\"},\"image\":{\"@id\":\"https:\\\/\\\/www.beitalhikma.tn\\\/#\\\/schema\\\/logo\\\/image\\\/\"},\"sameAs\":[\"https:\\\/\\\/www.facebook.com\\\/BeitalhikmaTunisie\\\/\",\"https:\\\/\\\/x.com\\\/Beit_alhikma_TN\",\"https:\\\/\\\/www.youtube.com\\\/channel\\\/UCl8EfDXqt5MFfcEY0UYhevg\"]},{\"@type\":\"Person\",\"@id\":\"https:\\\/\\\/www.beitalhikma.tn\\\/#\\\/schema\\\/person\\\/d51263ac3110f1f902e74859a0b4d0ab\",\"name\":\"admin\",\"url\":\"https:\\\/\\\/www.beitalhikma.tn\\\/fr\\\/author\\\/admin\\\/\"}]}<\/script>\n<!-- \/ Yoast SEO plugin. -->","yoast_head_json":{"title":"Conf\u00e9rence: Le th\u00e9\u00e2tre en Africa (Tunisie antique) Par l&#8217;acad\u00e9micienne Le\u00efla Ladjimi Seba\u00ef 17 novembre 2022 - Beit al-Hikma","robots":{"index":"index","follow":"follow","max-snippet":"max-snippet:-1","max-image-preview":"max-image-preview:large","max-video-preview":"max-video-preview:-1"},"canonical":"https:\/\/www.beitalhikma.tn\/\u0645\u062d\u0627\u0636\u0631\u0629-\u0627\u0644\u0645\u0633\u0631\u062d-\u0641\u064a-\u062a\u0648\u0646\u0633-\u062e\u0644\u0627\u0644-\u0641\u062a\u0631\u0629-\u0627\u0644\u062a\u0627\u0631\u064a\/","og_locale":"fr_FR","og_type":"article","og_title":"Conf\u00e9rence: Le th\u00e9\u00e2tre en Africa (Tunisie antique) Par l&#8217;acad\u00e9micienne Le\u00efla Ladjimi Seba\u00ef 17 novembre 2022 - Beit al-Hikma","og_description":"Le D\u00e9partement des Arts de l\u2019Acad\u00e9mie des sciences, des lettres et des arts, Beit al-Hikma, a tenu sa conf\u00e9rence inaugurale de l\u2019ann\u00e9e acad\u00e9mique 2022\/2023, le 17 [&hellip;]","og_url":"https:\/\/www.beitalhikma.tn\/\u0645\u062d\u0627\u0636\u0631\u0629-\u0627\u0644\u0645\u0633\u0631\u062d-\u0641\u064a-\u062a\u0648\u0646\u0633-\u062e\u0644\u0627\u0644-\u0641\u062a\u0631\u0629-\u0627\u0644\u062a\u0627\u0631\u064a\/","og_site_name":"Beit al-Hikma","article_publisher":"https:\/\/www.facebook.com\/BeitalhikmaTunisie\/","article_published_time":"2022-11-15T11:31:43+00:00","article_modified_time":"2022-11-23T08:35:51+00:00","og_image":[{"width":2048,"height":1312,"url":"https:\/\/www.beitalhikma.tn\/wp-content\/uploads\/2022\/11\/photo8-1.jpg","type":"image\/jpeg"}],"author":"admin","twitter_card":"summary_large_image","twitter_creator":"@Beit_alhikma_TN","twitter_site":"@Beit_alhikma_TN","twitter_misc":{"\u00c9crit par":"admin","Dur\u00e9e de lecture estim\u00e9e":"4 minutes"},"schema":{"@context":"https:\/\/schema.org","@graph":[{"@type":"Article","@id":"https:\/\/www.beitalhikma.tn\/%d9%85%d8%ad%d8%a7%d8%b6%d8%b1%d8%a9-%d8%a7%d9%84%d9%85%d8%b3%d8%b1%d8%ad-%d9%81%d9%8a-%d8%aa%d9%88%d9%86%d8%b3-%d8%ae%d9%84%d8%a7%d9%84-%d9%81%d8%aa%d8%b1%d8%a9-%d8%a7%d9%84%d8%aa%d8%a7%d8%b1%d9%8a\/#article","isPartOf":{"@id":"https:\/\/www.beitalhikma.tn\/%d9%85%d8%ad%d8%a7%d8%b6%d8%b1%d8%a9-%d8%a7%d9%84%d9%85%d8%b3%d8%b1%d8%ad-%d9%81%d9%8a-%d8%aa%d9%88%d9%86%d8%b3-%d8%ae%d9%84%d8%a7%d9%84-%d9%81%d8%aa%d8%b1%d8%a9-%d8%a7%d9%84%d8%aa%d8%a7%d8%b1%d9%8a\/"},"author":{"name":"admin","@id":"https:\/\/www.beitalhikma.tn\/#\/schema\/person\/d51263ac3110f1f902e74859a0b4d0ab"},"headline":"Conf\u00e9rence: Le th\u00e9\u00e2tre en Africa (Tunisie antique) Par l&#8217;acad\u00e9micienne Le\u00efla Ladjimi Seba\u00ef 17 novembre 2022","datePublished":"2022-11-15T11:31:43+00:00","dateModified":"2022-11-23T08:35:51+00:00","mainEntityOfPage":{"@id":"https:\/\/www.beitalhikma.tn\/%d9%85%d8%ad%d8%a7%d8%b6%d8%b1%d8%a9-%d8%a7%d9%84%d9%85%d8%b3%d8%b1%d8%ad-%d9%81%d9%8a-%d8%aa%d9%88%d9%86%d8%b3-%d8%ae%d9%84%d8%a7%d9%84-%d9%81%d8%aa%d8%b1%d8%a9-%d8%a7%d9%84%d8%aa%d8%a7%d8%b1%d9%8a\/"},"wordCount":646,"commentCount":0,"publisher":{"@id":"https:\/\/www.beitalhikma.tn\/#organization"},"image":{"@id":"https:\/\/www.beitalhikma.tn\/%d9%85%d8%ad%d8%a7%d8%b6%d8%b1%d8%a9-%d8%a7%d9%84%d9%85%d8%b3%d8%b1%d8%ad-%d9%81%d9%8a-%d8%aa%d9%88%d9%86%d8%b3-%d8%ae%d9%84%d8%a7%d9%84-%d9%81%d8%aa%d8%b1%d8%a9-%d8%a7%d9%84%d8%aa%d8%a7%d8%b1%d9%8a\/#primaryimage"},"thumbnailUrl":"https:\/\/www.beitalhikma.tn\/wp-content\/uploads\/2022\/11\/photo8-1.jpg","articleSection":["Les activit\u00e9s"],"inLanguage":"fr-FR"},{"@type":"WebPage","@id":"https:\/\/www.beitalhikma.tn\/%d9%85%d8%ad%d8%a7%d8%b6%d8%b1%d8%a9-%d8%a7%d9%84%d9%85%d8%b3%d8%b1%d8%ad-%d9%81%d9%8a-%d8%aa%d9%88%d9%86%d8%b3-%d8%ae%d9%84%d8%a7%d9%84-%d9%81%d8%aa%d8%b1%d8%a9-%d8%a7%d9%84%d8%aa%d8%a7%d8%b1%d9%8a\/","url":"https:\/\/www.beitalhikma.tn\/%d9%85%d8%ad%d8%a7%d8%b6%d8%b1%d8%a9-%d8%a7%d9%84%d9%85%d8%b3%d8%b1%d8%ad-%d9%81%d9%8a-%d8%aa%d9%88%d9%86%d8%b3-%d8%ae%d9%84%d8%a7%d9%84-%d9%81%d8%aa%d8%b1%d8%a9-%d8%a7%d9%84%d8%aa%d8%a7%d8%b1%d9%8a\/","name":"Conf\u00e9rence: Le th\u00e9\u00e2tre en Africa (Tunisie antique) Par l&#8217;acad\u00e9micienne Le\u00efla Ladjimi Seba\u00ef 17 novembre 2022 - Beit al-Hikma","isPartOf":{"@id":"https:\/\/www.beitalhikma.tn\/#website"},"primaryImageOfPage":{"@id":"https:\/\/www.beitalhikma.tn\/%d9%85%d8%ad%d8%a7%d8%b6%d8%b1%d8%a9-%d8%a7%d9%84%d9%85%d8%b3%d8%b1%d8%ad-%d9%81%d9%8a-%d8%aa%d9%88%d9%86%d8%b3-%d8%ae%d9%84%d8%a7%d9%84-%d9%81%d8%aa%d8%b1%d8%a9-%d8%a7%d9%84%d8%aa%d8%a7%d8%b1%d9%8a\/#primaryimage"},"image":{"@id":"https:\/\/www.beitalhikma.tn\/%d9%85%d8%ad%d8%a7%d8%b6%d8%b1%d8%a9-%d8%a7%d9%84%d9%85%d8%b3%d8%b1%d8%ad-%d9%81%d9%8a-%d8%aa%d9%88%d9%86%d8%b3-%d8%ae%d9%84%d8%a7%d9%84-%d9%81%d8%aa%d8%b1%d8%a9-%d8%a7%d9%84%d8%aa%d8%a7%d8%b1%d9%8a\/#primaryimage"},"thumbnailUrl":"https:\/\/www.beitalhikma.tn\/wp-content\/uploads\/2022\/11\/photo8-1.jpg","datePublished":"2022-11-15T11:31:43+00:00","dateModified":"2022-11-23T08:35:51+00:00","breadcrumb":{"@id":"https:\/\/www.beitalhikma.tn\/%d9%85%d8%ad%d8%a7%d8%b6%d8%b1%d8%a9-%d8%a7%d9%84%d9%85%d8%b3%d8%b1%d8%ad-%d9%81%d9%8a-%d8%aa%d9%88%d9%86%d8%b3-%d8%ae%d9%84%d8%a7%d9%84-%d9%81%d8%aa%d8%b1%d8%a9-%d8%a7%d9%84%d8%aa%d8%a7%d8%b1%d9%8a\/#breadcrumb"},"inLanguage":"fr-FR","potentialAction":[{"@type":"ReadAction","target":["https:\/\/www.beitalhikma.tn\/%d9%85%d8%ad%d8%a7%d8%b6%d8%b1%d8%a9-%d8%a7%d9%84%d9%85%d8%b3%d8%b1%d8%ad-%d9%81%d9%8a-%d8%aa%d9%88%d9%86%d8%b3-%d8%ae%d9%84%d8%a7%d9%84-%d9%81%d8%aa%d8%b1%d8%a9-%d8%a7%d9%84%d8%aa%d8%a7%d8%b1%d9%8a\/"]}]},{"@type":"ImageObject","inLanguage":"fr-FR","@id":"https:\/\/www.beitalhikma.tn\/%d9%85%d8%ad%d8%a7%d8%b6%d8%b1%d8%a9-%d8%a7%d9%84%d9%85%d8%b3%d8%b1%d8%ad-%d9%81%d9%8a-%d8%aa%d9%88%d9%86%d8%b3-%d8%ae%d9%84%d8%a7%d9%84-%d9%81%d8%aa%d8%b1%d8%a9-%d8%a7%d9%84%d8%aa%d8%a7%d8%b1%d9%8a\/#primaryimage","url":"https:\/\/www.beitalhikma.tn\/wp-content\/uploads\/2022\/11\/photo8-1.jpg","contentUrl":"https:\/\/www.beitalhikma.tn\/wp-content\/uploads\/2022\/11\/photo8-1.jpg","width":2048,"height":1312},{"@type":"BreadcrumbList","@id":"https:\/\/www.beitalhikma.tn\/%d9%85%d8%ad%d8%a7%d8%b6%d8%b1%d8%a9-%d8%a7%d9%84%d9%85%d8%b3%d8%b1%d8%ad-%d9%81%d9%8a-%d8%aa%d9%88%d9%86%d8%b3-%d8%ae%d9%84%d8%a7%d9%84-%d9%81%d8%aa%d8%b1%d8%a9-%d8%a7%d9%84%d8%aa%d8%a7%d8%b1%d9%8a\/#breadcrumb","itemListElement":[{"@type":"ListItem","position":1,"name":"Accueil","item":"https:\/\/www.beitalhikma.tn\/fr\/"},{"@type":"ListItem","position":2,"name":"Conf\u00e9rence: Le th\u00e9\u00e2tre en Africa (Tunisie antique) Par l&#8217;acad\u00e9micienne Le\u00efla Ladjimi Seba\u00ef 17 novembre 2022"}]},{"@type":"WebSite","@id":"https:\/\/www.beitalhikma.tn\/#website","url":"https:\/\/www.beitalhikma.tn\/","name":"Beit al-Hikma","description":"L&#039;Acad\u00e9mie Tunisienne des Sciences, des Lettres  et des Arts","publisher":{"@id":"https:\/\/www.beitalhikma.tn\/#organization"},"potentialAction":[{"@type":"SearchAction","target":{"@type":"EntryPoint","urlTemplate":"https:\/\/www.beitalhikma.tn\/?s={search_term_string}"},"query-input":{"@type":"PropertyValueSpecification","valueRequired":true,"valueName":"search_term_string"}}],"inLanguage":"fr-FR"},{"@type":"Organization","@id":"https:\/\/www.beitalhikma.tn\/#organization","name":"Beit Al Hikma","url":"https:\/\/www.beitalhikma.tn\/","logo":{"@type":"ImageObject","inLanguage":"fr-FR","@id":"https:\/\/www.beitalhikma.tn\/#\/schema\/logo\/image\/","url":"https:\/\/www.beitalhikma.tn\/wp-content\/uploads\/2014\/11\/logo.png","contentUrl":"https:\/\/www.beitalhikma.tn\/wp-content\/uploads\/2014\/11\/logo.png","width":288,"height":109,"caption":"Beit Al Hikma"},"image":{"@id":"https:\/\/www.beitalhikma.tn\/#\/schema\/logo\/image\/"},"sameAs":["https:\/\/www.facebook.com\/BeitalhikmaTunisie\/","https:\/\/x.com\/Beit_alhikma_TN","https:\/\/www.youtube.com\/channel\/UCl8EfDXqt5MFfcEY0UYhevg"]},{"@type":"Person","@id":"https:\/\/www.beitalhikma.tn\/#\/schema\/person\/d51263ac3110f1f902e74859a0b4d0ab","name":"admin","url":"https:\/\/www.beitalhikma.tn\/fr\/author\/admin\/"}]}},"uagb_featured_image_src":{"full":["https:\/\/www.beitalhikma.tn\/wp-content\/uploads\/2022\/11\/photo8-1.jpg",2048,1312,false],"thumbnail":["https:\/\/www.beitalhikma.tn\/wp-content\/uploads\/2022\/11\/photo8-1-250x300.jpg",250,300,true],"medium":["https:\/\/www.beitalhikma.tn\/wp-content\/uploads\/2022\/11\/photo8-1-300x192.jpg",300,192,true],"medium_large":["https:\/\/www.beitalhikma.tn\/wp-content\/uploads\/2022\/11\/photo8-1-768x492.jpg",768,492,true],"large":["https:\/\/www.beitalhikma.tn\/wp-content\/uploads\/2022\/11\/photo8-1-1024x656.jpg",1024,656,true],"thumblist":["https:\/\/www.beitalhikma.tn\/wp-content\/uploads\/2022\/11\/photo8-1-300x300.jpg",300,300,true],"meccarouselthumb":["https:\/\/www.beitalhikma.tn\/wp-content\/uploads\/2022\/11\/photo8-1-474x324.jpg",474,324,true],"gridsquare":["https:\/\/www.beitalhikma.tn\/wp-content\/uploads\/2022\/11\/photo8-1-391x260.jpg",391,260,true],"tileview":["https:\/\/www.beitalhikma.tn\/wp-content\/uploads\/2022\/11\/photo8-1-300x400.jpg",300,400,true],"1536x1536":["https:\/\/www.beitalhikma.tn\/wp-content\/uploads\/2022\/11\/photo8-1-1536x984.jpg",1536,984,true],"2048x2048":["https:\/\/www.beitalhikma.tn\/wp-content\/uploads\/2022\/11\/photo8-1.jpg",2048,1312,false],"post-thumbnail":["https:\/\/www.beitalhikma.tn\/wp-content\/uploads\/2022\/11\/photo8-1-228x146.jpg",228,146,true],"50x50":["https:\/\/www.beitalhikma.tn\/wp-content\/uploads\/2022\/11\/photo8-1-50x32.jpg",50,32,true],"portfolio-list":["https:\/\/www.beitalhikma.tn\/wp-content\/uploads\/2022\/11\/photo8-1-600x400.jpg",600,400,true],"portfolio-fs":["https:\/\/www.beitalhikma.tn\/wp-content\/uploads\/2022\/11\/photo8-1-815x543.jpg",815,543,true],"portfolio-slider":["https:\/\/www.beitalhikma.tn\/wp-content\/uploads\/2022\/11\/photo8-1-380x380.jpg",380,380,true],"blog":["https:\/\/www.beitalhikma.tn\/wp-content\/uploads\/2022\/11\/photo8-1-564x341.jpg",564,341,true],"blog-single":["https:\/\/www.beitalhikma.tn\/wp-content\/uploads\/2022\/11\/photo8-1-1176x445.jpg",1176,445,true],"blog-item":["https:\/\/www.beitalhikma.tn\/wp-content\/uploads\/2022\/11\/photo8-1-504x224.jpg",504,224,true],"blog-widget":["https:\/\/www.beitalhikma.tn\/wp-content\/uploads\/2022\/11\/photo8-1-80x60.jpg",80,60,true],"features":["https:\/\/www.beitalhikma.tn\/wp-content\/uploads\/2022\/11\/photo8-1-90x90.jpg",90,90,true],"clients-slider":["https:\/\/www.beitalhikma.tn\/wp-content\/uploads\/2022\/11\/photo8-1-125x80.jpg",125,80,true],"offer-slider":["https:\/\/www.beitalhikma.tn\/wp-content\/uploads\/2022\/11\/photo8-1-776x438.jpg",776,438,true],"offer-slider-pg":["https:\/\/www.beitalhikma.tn\/wp-content\/uploads\/2022\/11\/photo8-1-42x42.jpg",42,42,true],"woocommerce_thumbnail":["https:\/\/www.beitalhikma.tn\/wp-content\/uploads\/2022\/11\/photo8-1-250x300.jpg",250,300,true],"woocommerce_single":["https:\/\/www.beitalhikma.tn\/wp-content\/uploads\/2022\/11\/photo8-1-250x160.jpg",250,160,true],"woocommerce_gallery_thumbnail":["https:\/\/www.beitalhikma.tn\/wp-content\/uploads\/2022\/11\/photo8-1-100x100.jpg",100,100,true]},"uagb_author_info":{"display_name":"admin","author_link":"https:\/\/www.beitalhikma.tn\/fr\/author\/admin\/"},"uagb_comment_info":0,"uagb_excerpt":"Le D\u00e9partement des Arts de l\u2019Acad\u00e9mie des sciences, des lettres et des arts, Beit al-Hikma, a tenu sa conf\u00e9rence inaugurale de l\u2019ann\u00e9e acad\u00e9mique 2022\/2023, le 17 [&hellip;]","_links":{"self":[{"href":"https:\/\/www.beitalhikma.tn\/fr\/wp-json\/wp\/v2\/posts\/99818","targetHints":{"allow":["GET"]}}],"collection":[{"href":"https:\/\/www.beitalhikma.tn\/fr\/wp-json\/wp\/v2\/posts"}],"about":[{"href":"https:\/\/www.beitalhikma.tn\/fr\/wp-json\/wp\/v2\/types\/post"}],"author":[{"embeddable":true,"href":"https:\/\/www.beitalhikma.tn\/fr\/wp-json\/wp\/v2\/users\/1"}],"replies":[{"embeddable":true,"href":"https:\/\/www.beitalhikma.tn\/fr\/wp-json\/wp\/v2\/comments?post=99818"}],"version-history":[{"count":0,"href":"https:\/\/www.beitalhikma.tn\/fr\/wp-json\/wp\/v2\/posts\/99818\/revisions"}],"wp:featuredmedia":[{"embeddable":true,"href":"https:\/\/www.beitalhikma.tn\/fr\/wp-json\/wp\/v2\/media\/99946"}],"wp:attachment":[{"href":"https:\/\/www.beitalhikma.tn\/fr\/wp-json\/wp\/v2\/media?parent=99818"}],"wp:term":[{"taxonomy":"category","embeddable":true,"href":"https:\/\/www.beitalhikma.tn\/fr\/wp-json\/wp\/v2\/categories?post=99818"},{"taxonomy":"post_tag","embeddable":true,"href":"https:\/\/www.beitalhikma.tn\/fr\/wp-json\/wp\/v2\/tags?post=99818"}],"curies":[{"name":"wp","href":"https:\/\/api.w.org\/{rel}","templated":true}]}}